{"id":9008,"date":"2026-04-18T12:19:56","date_gmt":"2026-04-18T15:19:56","guid":{"rendered":"https:\/\/elpueblonoticia.com.ar\/web\/?p=9008"},"modified":"2026-04-18T12:19:56","modified_gmt":"2026-04-18T15:19:56","slug":"crisis-en-la-industria-la-capacidad-instalada-de-febrero-fue-del-546","status":"publish","type":"post","link":"https:\/\/elpueblonoticia.com.ar\/web\/2026\/04\/18\/crisis-en-la-industria-la-capacidad-instalada-de-febrero-fue-del-546\/","title":{"rendered":"crisis en la industria: la capacidad instalada de febrero fue del 54,6%"},"content":{"rendered":"<p>El uso de la capacidad instalada mostr\u00f3 una mejora mensual, aunque contin\u00faa en niveles bajos y con sectores clave golpeados por la retracci\u00f3n de la actividad.<\/p>\n<p>La actividad industrial en Argentina volvi\u00f3 a reflejar un escenario de debilidad estructural, a pesar de una leve mejora en el corto plazo. Seg\u00fan inform\u00f3 el INDEC, la utilizaci\u00f3n de la capacidad instalada en febrero alcanz\u00f3 el 54,6%, lo que representa un incremento de un punto porcentual respecto a enero, pero una ca\u00edda de cuatro puntos en comparaci\u00f3n con el mismo mes de 2025.<\/p>\n<p>El dato confirma que, si bien hubo una recuperaci\u00f3n marginal en relaci\u00f3n al inicio del a\u00f1o, el nivel de actividad sigue lejos de los registros previos. En febrero del a\u00f1o pasado, la industria operaba al 58,6%, lo que evidencia una contracci\u00f3n significativa en t\u00e9rminos interanuales.<\/p>\n<p>Al analizar el desempe\u00f1o por sectores, se observan fuertes disparidades. La refinaci\u00f3n del petr\u00f3leo lider\u00f3 ampliamente con un nivel de utilizaci\u00f3n del 88,9%, consolid\u00e1ndose como el rubro con mayor dinamismo dentro del entramado industrial. Detr\u00e1s se ubicaron papel y cart\u00f3n (65,9%) y sustancias y productos qu\u00edmicos (64,4%), que tambi\u00e9n mostraron niveles relativamente altos de actividad.<\/p>\n<p>En el otro extremo, varios sectores contin\u00faan atravesando una situaci\u00f3n cr\u00edtica. La metalmec\u00e1nica -excluyendo automotores- fue la m\u00e1s afectada, con apenas un 33,9% de utilizaci\u00f3n de su capacidad. A este panorama se suman los bajos registros en productos de caucho y pl\u00e1stico (38,7%) y en la industria automotriz (38,9%), lo que da cuenta de una desaceleraci\u00f3n generalizada en segmentos clave.<\/p>\n<p>Particularmente, la ca\u00edda en la metalmec\u00e1nica tuvo un fuerte impacto en el resultado global. Este retroceso est\u00e1 vinculado a una marcada disminuci\u00f3n interanual en la producci\u00f3n de maquinaria agropecuaria, que se contrajo un 37,7%, y de electrodom\u00e9sticos, con una baja del 38,0%. Estos n\u00fameros reflejan una menor demanda tanto en el sector productivo como en el consumo interno.<\/p>\n<p data-start=\"2127\" data-end=\"2550\">El indicador de capacidad instalada es una herramienta clave para entender el nivel de actividad industrial, ya que mide qu\u00e9 proporci\u00f3n del potencial productivo est\u00e1 siendo efectivamente utilizada. Para su elaboraci\u00f3n, el INDEC releva informaci\u00f3n de entre 600 y 700 empresas, considerando variables t\u00e9cnicas como el m\u00e1ximo aprovechamiento de las plantas, los turnos de producci\u00f3n y las paradas necesarias por mantenimiento.<\/p>\n<p data-start=\"2552\" data-end=\"2909\" data-is-last-node=\"\" data-is-only-node=\"\">En este contexto, los datos de febrero muestran una industria que intenta estabilizarse, pero que a\u00fan enfrenta dificultades para recuperar niveles de producci\u00f3n m\u00e1s elevados. La evoluci\u00f3n en los pr\u00f3ximos meses estar\u00e1 condicionada por la demanda interna, el contexto macroecon\u00f3mico y la capacidad de los distintos sectores para reactivar su ritmo productivo.<\/p>\n","protected":false},"excerpt":{"rendered":"<p>El uso de la capacidad instalada mostr\u00f3 una mejora mensual, aunque contin\u00faa en niveles bajos y con sectores clave golpeados por la retracci\u00f3n de la actividad. La actividad industrial en Argentina volvi\u00f3 a reflejar un escenario de debilidad estructural, a pesar de una leve mejora en el corto plazo. Seg\u00fan inform\u00f3 el INDEC, la utilizaci\u00f3n [&hellip;]<\/p>\n","protected":false},"author":2,"featured_media":9009,"comment_status":"open","ping_status":"open","sticky":false,"template":"","format":"standard","meta":{"footnotes":""},"categories":[65],"tags":[],"class_list":{"0":"post-9008","1":"post","2":"type-post","3":"status-publish","4":"format-standard","5":"has-post-thumbnail","7":"category-economia"},"_links":{"self":[{"href":"https:\/\/elpueblonoticia.com.ar\/web\/wp-json\/wp\/v2\/posts\/9008","targetHints":{"allow":["GET"]}}],"collection":[{"href":"https:\/\/elpueblonoticia.com.ar\/web\/wp-json\/wp\/v2\/posts"}],"about":[{"href":"https:\/\/elpueblonoticia.com.ar\/web\/wp-json\/wp\/v2\/types\/post"}],"author":[{"embeddable":true,"href":"https:\/\/elpueblonoticia.com.ar\/web\/wp-json\/wp\/v2\/users\/2"}],"replies":[{"embeddable":true,"href":"https:\/\/elpueblonoticia.com.ar\/web\/wp-json\/wp\/v2\/comments?post=9008"}],"version-history":[{"count":1,"href":"https:\/\/elpueblonoticia.com.ar\/web\/wp-json\/wp\/v2\/posts\/9008\/revisions"}],"predecessor-version":[{"id":9010,"href":"https:\/\/elpueblonoticia.com.ar\/web\/wp-json\/wp\/v2\/posts\/9008\/revisions\/9010"}],"wp:featuredmedia":[{"embeddable":true,"href":"https:\/\/elpueblonoticia.com.ar\/web\/wp-json\/wp\/v2\/media\/9009"}],"wp:attachment":[{"href":"https:\/\/elpueblonoticia.com.ar\/web\/wp-json\/wp\/v2\/media?parent=9008"}],"wp:term":[{"taxonomy":"category","embeddable":true,"href":"https:\/\/elpueblonoticia.com.ar\/web\/wp-json\/wp\/v2\/categories?post=9008"},{"taxonomy":"post_tag","embeddable":true,"href":"https:\/\/elpueblonoticia.com.ar\/web\/wp-json\/wp\/v2\/tags?post=9008"}],"curies":[{"name":"wp","href":"https:\/\/api.w.org\/{rel}","templated":true}]}}