{"id":9005,"date":"2026-04-18T12:14:46","date_gmt":"2026-04-18T15:14:46","guid":{"rendered":"https:\/\/elpueblonoticia.com.ar\/web\/?p=9005"},"modified":"2026-04-18T12:14:46","modified_gmt":"2026-04-18T15:14:46","slug":"preocupacion-por-la-salud-de-mirtha-legrand-la-razon-por-la-que-no-podra-conducir-su-ciclo-este-sabado","status":"publish","type":"post","link":"https:\/\/elpueblonoticia.com.ar\/web\/2026\/04\/18\/preocupacion-por-la-salud-de-mirtha-legrand-la-razon-por-la-que-no-podra-conducir-su-ciclo-este-sabado\/","title":{"rendered":"Preocupaci\u00f3n por la salud de Mirtha Legrand: la raz\u00f3n por la que no podr\u00e1 conducir su ciclo este s\u00e1bado"},"content":{"rendered":"<p>La conductora mantiene comunicaci\u00f3n constante con su m\u00e9dico de cabecera, quien le recomend\u00f3 realizar reposo y no grabar en esta oportunidad. Los detalles.<\/p>\n<p>Mirtha Legrand no podr\u00e1 estar al frente de la grabaci\u00f3n de su programa este viernes debido a un resfr\u00edo. La conductora permanece en reposo y en contacto con su m\u00e9dico, con la intenci\u00f3n de recuperarse cuanto antes y retomar su actividad, a la que siempre define como una de sus grandes pasiones.<\/p>\n<p>A pesar del contratiempo, el ciclo se emitir\u00e1 con normalidad y tendr\u00e1 una reemplazante de confianza: su nieta, Juana Viale. La actriz ya conduce habitualmente Almorzando con Juana, el cl\u00e1sico de los domingos que sigue vigente en la pantalla de El Trece.<\/p>\n<p>En esta ocasi\u00f3n, La Noche de Mirtha contar\u00e1 con la participaci\u00f3n de Betiana Blum, Nicole Neumann, Juan Palomino, Gege Neumann y Rodrigo Casc\u00f3n.<\/p>\n","protected":false},"excerpt":{"rendered":"<p>La conductora mantiene comunicaci\u00f3n constante con su m\u00e9dico de cabecera, quien le recomend\u00f3 realizar reposo y no grabar en esta oportunidad. Los detalles. Mirtha Legrand no podr\u00e1 estar al frente de la grabaci\u00f3n de su programa este viernes debido a un resfr\u00edo. La conductora permanece en reposo y en contacto con su m\u00e9dico, con la [&hellip;]<\/p>\n","protected":false},"author":2,"featured_media":9006,"comment_status":"open","ping_status":"open","sticky":false,"template":"","format":"standard","meta":{"footnotes":""},"categories":[67],"tags":[],"class_list":{"0":"post-9005","1":"post","2":"type-post","3":"status-publish","4":"format-standard","5":"has-post-thumbnail","7":"category-espectaculo"},"_links":{"self":[{"href":"https:\/\/elpueblonoticia.com.ar\/web\/wp-json\/wp\/v2\/posts\/9005","targetHints":{"allow":["GET"]}}],"collection":[{"href":"https:\/\/elpueblonoticia.com.ar\/web\/wp-json\/wp\/v2\/posts"}],"about":[{"href":"https:\/\/elpueblonoticia.com.ar\/web\/wp-json\/wp\/v2\/types\/post"}],"author":[{"embeddable":true,"href":"https:\/\/elpueblonoticia.com.ar\/web\/wp-json\/wp\/v2\/users\/2"}],"replies":[{"embeddable":true,"href":"https:\/\/elpueblonoticia.com.ar\/web\/wp-json\/wp\/v2\/comments?post=9005"}],"version-history":[{"count":1,"href":"https:\/\/elpueblonoticia.com.ar\/web\/wp-json\/wp\/v2\/posts\/9005\/revisions"}],"predecessor-version":[{"id":9007,"href":"https:\/\/elpueblonoticia.com.ar\/web\/wp-json\/wp\/v2\/posts\/9005\/revisions\/9007"}],"wp:featuredmedia":[{"embeddable":true,"href":"https:\/\/elpueblonoticia.com.ar\/web\/wp-json\/wp\/v2\/media\/9006"}],"wp:attachment":[{"href":"https:\/\/elpueblonoticia.com.ar\/web\/wp-json\/wp\/v2\/media?parent=9005"}],"wp:term":[{"taxonomy":"category","embeddable":true,"href":"https:\/\/elpueblonoticia.com.ar\/web\/wp-json\/wp\/v2\/categories?post=9005"},{"taxonomy":"post_tag","embeddable":true,"href":"https:\/\/elpueblonoticia.com.ar\/web\/wp-json\/wp\/v2\/tags?post=9005"}],"curies":[{"name":"wp","href":"https:\/\/api.w.org\/{rel}","templated":true}]}}