{"id":9002,"date":"2026-04-18T12:12:16","date_gmt":"2026-04-18T15:12:16","guid":{"rendered":"https:\/\/elpueblonoticia.com.ar\/web\/?p=9002"},"modified":"2026-04-18T12:12:16","modified_gmt":"2026-04-18T15:12:16","slug":"montiel-y-paredes-antes-del-superclasico-entre-river-y-boca-hay-que-respetar-al-arbitraje","status":"publish","type":"post","link":"https:\/\/elpueblonoticia.com.ar\/web\/2026\/04\/18\/montiel-y-paredes-antes-del-superclasico-entre-river-y-boca-hay-que-respetar-al-arbitraje\/","title":{"rendered":"Montiel y Paredes, antes del supercl\u00e1sico entre River y Boca: &#8220;hay que respetar al arbitraje&#8221;"},"content":{"rendered":"<p>Los campeones del mundo compartieron una conferencia en la previa y analizaron los factores que pueden influir en el partido m\u00e1s esperado del f\u00fatbol argentino.<\/p>\n<p>El Supercl\u00e1sico ya se juega en cada declaraci\u00f3n y, en esta oportunidad, tuvo como protagonistas a dos voces autorizadas: Gonzalo Montiel y Leandro Paredes. Ambos campeones del mundo se presentaron en conferencia de prensa y comenzaron a palpitar el duelo entre River y Boca, con especial atenci\u00f3n en dos temas que dominan la previa: el estado del campo de juego y el arbitraje.<\/p>\n<p>En un escenario simb\u00f3lico como la AFA, donde tantas veces coincidieron con la camiseta de la Selecci\u00f3n Argentina, esta vez se sentaron representando a sus clubes. Montiel, lateral del equipo millonario, y Paredes, mediocampista y capit\u00e1n del conjunto xeneize, compartieron sus sensaciones en un contexto cargado de expectativa.<\/p>\n<p>Uno de los primeros ejes abordados fue el estado del c\u00e9sped del Monumental, cuestionado en los \u00faltimos d\u00edas. Montiel fue claro en su postura: &#8220;Del \u00e1rbitro creo hay que tener un poquito m\u00e1s de respeto. Es el que decide. Sobre el campo, un poco lo que se vio. No est\u00e1 en buenas en condiciones, pero nos favorece a ninguno de los dos equipos&#8221;.<\/p>\n<section class=\"detail-body\">\n<section class=\"body-content note-body content-protected-false\">\n<p data-start=\"3859\" data-end=\"4158\">En la misma l\u00ednea, Paredes relativiz\u00f3 la incidencia de este factor en el desarrollo del juego:\u00a0<strong>&#8220;<\/strong>Al final, el campo estar\u00e1 igual para los dos. Somos dos equipos que intentan jugar, condiciona el estado, pero no le damos importancia. No tengo que opinar del \u00e1rbitro, si hay errores son sin intenci\u00f3n&#8221;.<\/p>\n<\/section>\n<\/section>\n<section class=\"detail-body\">\n<section class=\"body-content note-body content-protected-false\">\n<p data-start=\"4160\" data-end=\"4547\">M\u00e1s all\u00e1 de estos aspectos, ambos coincidieron en que se trata de un partido especial, con caracter\u00edsticas propias que lo diferencian de cualquier otro. &#8220;<span id=\"saysCMSEmphasis9kyer74gtcl\" class=\"saysCMSEmphasis\">Partido dif\u00edcil, es un cl\u00e1sico. A cualquier jugador le gustar\u00eda jugar, va a ser muy trabado porque los cl\u00e1sicos se juegan as\u00ed. Trataremos de imponer nuestra idea de juego y saldremos a ganar que es lo m\u00e1s importante&#8221;<\/span>, afirm\u00f3 Montiel.<\/p>\n<\/section>\n<\/section>\n<section class=\"detail-body\">\n<section class=\"body-content note-body content-protected-false\">\n<p data-start=\"4549\" data-end=\"4819\">Paredes, por su parte, destac\u00f3 la importancia emocional del encuentro:\u00a0<strong>&#8220;<\/strong>Uno trata de preparar en la semana para hacerlo de la manera que queremos, pero siendo un cl\u00e1sico siempre se dan diferentes. Intentaremos hacer lo mejor posible para traer un buen resultado a casa&#8221;.<\/p>\n<figure id=\"8213055-Libre-1247367044_wrap\" class=\"embed_cont type_imagen\"><\/figure>\n<p data-start=\"4821\" data-end=\"5114\">Consultados sobre su relaci\u00f3n personal, ambos dejaron en claro que la rivalidad queda limitada al campo de juego.\u00a0&#8220;No apostamos. Nos conocemos de chiquitos, compartimos mucho tiempo en la Selecci\u00f3n. Somos rivales, el domingo en un supercl\u00e1sico y estamos en distintos equipos&#8221;, explic\u00f3 Montiel.<\/p>\n<p data-start=\"5116\" data-end=\"5560\">El mediocampista tambi\u00e9n valor\u00f3 la posibilidad de enfrentarse a compa\u00f1eros con los que comparti\u00f3 grandes logros:\u00a0<span id=\"saysCMSEmphasis09e616hllbim\" class=\"saysCMSEmphasis\">&#8220;Es un placer, nos conocemos de muy chicos. Compartimos muchos a\u00f1os en la Selecci\u00f3n, conseguimos cosas importantes juntos y ser\u00e1 un placer competir contra \u00e9l, contra ex compa\u00f1eros como Germ\u00e1n (Pezzella), el Chino (Mart\u00ednez Quarta). Disfruto mucho porque son personas que me han ayudado mucho a conseguir cosas importantes&#8221;.<\/span><\/p>\n<\/section>\n<\/section>\n","protected":false},"excerpt":{"rendered":"<p>Los campeones del mundo compartieron una conferencia en la previa y analizaron los factores que pueden influir en el partido m\u00e1s esperado del f\u00fatbol argentino. El Supercl\u00e1sico ya se juega en cada declaraci\u00f3n y, en esta oportunidad, tuvo como protagonistas a dos voces autorizadas: Gonzalo Montiel y Leandro Paredes. Ambos campeones del mundo se presentaron [&hellip;]<\/p>\n","protected":false},"author":2,"featured_media":9003,"comment_status":"open","ping_status":"open","sticky":false,"template":"","format":"standard","meta":{"footnotes":""},"categories":[76],"tags":[],"class_list":{"0":"post-9002","1":"post","2":"type-post","3":"status-publish","4":"format-standard","5":"has-post-thumbnail","7":"category-deportes"},"_links":{"self":[{"href":"https:\/\/elpueblonoticia.com.ar\/web\/wp-json\/wp\/v2\/posts\/9002","targetHints":{"allow":["GET"]}}],"collection":[{"href":"https:\/\/elpueblonoticia.com.ar\/web\/wp-json\/wp\/v2\/posts"}],"about":[{"href":"https:\/\/elpueblonoticia.com.ar\/web\/wp-json\/wp\/v2\/types\/post"}],"author":[{"embeddable":true,"href":"https:\/\/elpueblonoticia.com.ar\/web\/wp-json\/wp\/v2\/users\/2"}],"replies":[{"embeddable":true,"href":"https:\/\/elpueblonoticia.com.ar\/web\/wp-json\/wp\/v2\/comments?post=9002"}],"version-history":[{"count":1,"href":"https:\/\/elpueblonoticia.com.ar\/web\/wp-json\/wp\/v2\/posts\/9002\/revisions"}],"predecessor-version":[{"id":9004,"href":"https:\/\/elpueblonoticia.com.ar\/web\/wp-json\/wp\/v2\/posts\/9002\/revisions\/9004"}],"wp:featuredmedia":[{"embeddable":true,"href":"https:\/\/elpueblonoticia.com.ar\/web\/wp-json\/wp\/v2\/media\/9003"}],"wp:attachment":[{"href":"https:\/\/elpueblonoticia.com.ar\/web\/wp-json\/wp\/v2\/media?parent=9002"}],"wp:term":[{"taxonomy":"category","embeddable":true,"href":"https:\/\/elpueblonoticia.com.ar\/web\/wp-json\/wp\/v2\/categories?post=9002"},{"taxonomy":"post_tag","embeddable":true,"href":"https:\/\/elpueblonoticia.com.ar\/web\/wp-json\/wp\/v2\/tags?post=9002"}],"curies":[{"name":"wp","href":"https:\/\/api.w.org\/{rel}","templated":true}]}}