{"id":8997,"date":"2026-04-18T12:07:37","date_gmt":"2026-04-18T15:07:37","guid":{"rendered":"https:\/\/elpueblonoticia.com.ar\/web\/?p=8997"},"modified":"2026-04-18T12:07:37","modified_gmt":"2026-04-18T15:07:37","slug":"ya-son-ocho-los-adolescentes-imputados-por-las-amenazas-en-colegios-de-cordoba","status":"publish","type":"post","link":"https:\/\/elpueblonoticia.com.ar\/web\/2026\/04\/18\/ya-son-ocho-los-adolescentes-imputados-por-las-amenazas-en-colegios-de-cordoba\/","title":{"rendered":"Ya son ocho los adolescentes imputados por las amenazas en colegios de C\u00f3rdoba"},"content":{"rendered":"<p>Lo comunic\u00f3 este viernes el Ministerio P\u00fablico Fiscal de C\u00f3rdoba. Remarcaron que se investigan un total de 61 hechos en toda la provincia.<\/p>\n<p>La Fiscal\u00eda Penal Juvenil del 4 turno de C\u00f3rdoba elev\u00f3 a ocho el n\u00famero de adolescentes imputados\u00a0por el delito de &#8220;amenaza agravada por anonimato&#8221; en el marco de la investigaci\u00f3n que se realiza en torno a los mensajes con amenazas a escuelas.<\/p>\n<section class=\"detail-body second-paragraph\">\n<section class=\"body-content note-body content-protected-false\">Lo inform\u00f3 a trav\u00e9s de un comunicado el Ministerio P\u00fablico Fiscal, quien agreg\u00f3 que se trabaja sobre 61 hechos en la ciudad de C\u00f3rdoba.<\/p>\n<section class=\"detail-body\">\n<section class=\"body-content note-body content-protected-false\">Seg\u00fan la justicia estos actos no son considerados \u201ctravesuras\u201d para evitar ex\u00e1menes, sino el delito de amenazas calificadas por el anonimato.Entre los imputados se encuentran ocho adolescentes de entre 16 y 18 a\u00f1os (penalmente responsables) y siete menores de 16 a\u00f1os, quienes, aunque no son punibles, quedaron bajo reg\u00edmenes de resguardo.<\/p>\n<\/section>\n<\/section>\n<section class=\"detail-body\">\n<section class=\"body-content note-body content-protected-false\">La investigaci\u00f3n busca determinar si existe una conexi\u00f3n organizada o si se trata de un fen\u00f3meno de \u201cefecto contagio\u201d. Las autoridades advirtieron que el costo de movilizar fuerzas policiales y la interrupci\u00f3n de clases tiene consecuencias legales severas, subrayando que el p\u00e1nico generado en la comunidad educativa es un da\u00f1o real y sancionable.<\/p>\n<\/section>\n<\/section>\n<section class=\"detail-body\">\n<section class=\"body-content note-body content-protected-false\">Por el momento, la totalidad de los casos registrados en esta investigaci\u00f3n corresponden a la jurisdicci\u00f3n de la provincia de C\u00f3rdoba.<\/p>\n<h2><strong>Amenazas son por un desaf\u00edo viral<\/strong><\/h2>\n<p>En una entrevista, el ministro de Educaci\u00f3n de C\u00f3rdoba,\u00a0Horacio Ferreyra, hab\u00eda informado a La Voz En Vivo que hasta el jueves 16 de abril,se hab\u00edan registrado nueve amenazas de tiroteos\u00a0con pintadas muy similares en ba\u00f1os de distintos colegios. \u201c<span id=\"saysCMSEmphasiszzbokbysf29\" class=\"saysCMSEmphasis\">Se tratar\u00eda de un desaf\u00edo viral que est\u00e1 dando vueltas por TikTok<\/span>\u201d, dijo el funcionario bas\u00e1ndose en el reporte de especialistas.<\/p>\n<p>Ante la repetitividad de los casos, la Direcci\u00f3n General de Investigaciones Criminales llev\u00f3 a cabo una serie de procedimientos en toda la provincia. Seg\u00fan fuentes oficiales, lo que se busca es determinar el origen de los mensajes y prevenir posibles incidentes en las instituciones afectadas.<\/p>\n<p>El ministro de Seguridad,Juan Pablo Quinteros, a cargo de los operativos, brind\u00f3 precisiones sobre el avance de la investigaci\u00f3n en los colegios afectados. \u201c<span id=\"saysCMSEmphasisb6csvsttq8k\" class=\"saysCMSEmphasis\">Este fen\u00f3meno surgi\u00f3 despu\u00e9s del hecho en San Crist\u00f3bal y se contagi\u00f3 a todo el pa\u00eds<\/span>\u201d, dijo. \u201cHubo una pista muy firme que sigui\u00f3 la fiscal y nos llev\u00f3 a hacer un allanamiento\u201d, explic\u00f3 el ministro en horas de la ma\u00f1ana, mientras se desarrollaba el primer operativo policial en el que secuestraron el celular de un adolescente y otros elementos de prueba, como anotaciones.<\/p>\n<p><span id=\"saysCMSEmphasissflyc94335k\" class=\"saysCMSEmphasis\">\u201cEl chico estar\u00eda vinculado a la comunidad True Crime Community, que tiene fascinaci\u00f3n por la violencia y la glorificaci\u00f3n de los perpetradores<\/span>\u201d, adelant\u00f3 Quinteros. Y alert\u00f3: \u201cNo estamos frente a la travesura de un adolescente, estamos ante la comisi\u00f3n de un hecho delictivo. Y como tal, vamos a actuar\u201d.<\/p>\n<p>\u201cLos adolescentes se relacionan por WhatsApp y se comparten casos de violencia reales, desde accidentes de tr\u00e1nsito hasta c\u00f3mo armar explosivos\u201d, explic\u00f3 Quinteros, haciendo hincapi\u00e9 en la importancia de que los padres est\u00e9n atento al uso de las redes sociales de sus hijos.<\/p>\n<p>El primer caso de pintadas con advertencias por supuestos tiroteos en las escuelas se registr\u00f3 el mi\u00e9rcoles en la ciudad de La Falda, donde el Ipem 142 activ\u00f3 protocolos de emergencia. Un mensaje escrito en el ba\u00f1o de ese colegio advert\u00eda: \u201cMa\u00f1ana 15\/4 tiroteo. No vengan\u201d, lo que motiv\u00f3 el despliegue inmediato de fuerzas policiales y judiciales.<\/p>\n<h2 class=\"my-5 heading-body text-xl font-bold\"><strong>Armas y r\u00e9plicas<\/strong><\/h2>\n<p>En paralelo a la aparici\u00f3n de pintadas amenazantes en varios colegios, la Polic\u00eda de C\u00f3rdoba debi\u00f3 intervenir en varias oportunidades en los \u00faltimos d\u00edas para retirar armas o r\u00e9plicas de armas en distintos establecimientos educativos.<\/p>\n<p style=\"text-align: left;\">Seg\u00fan datos oficiales, en los \u00faltimos 14 d\u00edas se secuestraron dos pistolas de aire comprimido, una picana y cuatro r\u00e9plicas. En todos los casos, dichos elementos fueron llevados por alumnos dentro de sus mochilas. La mayor\u00eda de los casos se registraron en escuelas de la Capital.<\/p>\n<p>El \u00faltimo caso sucedi\u00f3 ayer en un Ipem de Villa Allende, donde efectivos secuestraron una pistola de aire comprimido en la mochila de un estudiante. No ten\u00eda balines ni sistema de disparo. El propio alumno de 16 a\u00f1os se lo entreg\u00f3 a la directora luego de que fuera acusado por un compa\u00f1ero.<\/p>\n<p>D\u00edas atr\u00e1s, se hab\u00eda secuestrado una picana en un colegio secundario de barrio Alberdi, en Capital. Hab\u00eda sido llevada por un alumno. En otro hecho similar, en un colegio de barrio Congreso, durante un recreo, un alumno fue detectado con un arma blanca que entreg\u00f3 voluntariamente a las autoridades escolares. Y hubo otro caso, con una pistola de aire comprimido, en una escuela de Santa Rosa de Calamuchita.<\/p>\n<\/section>\n<\/section>\n<\/section>\n<\/section>\n","protected":false},"excerpt":{"rendered":"<p>Lo comunic\u00f3 este viernes el Ministerio P\u00fablico Fiscal de C\u00f3rdoba. Remarcaron que se investigan un total de 61 hechos en toda la provincia. La Fiscal\u00eda Penal Juvenil del 4 turno de C\u00f3rdoba elev\u00f3 a ocho el n\u00famero de adolescentes imputados\u00a0por el delito de &#8220;amenaza agravada por anonimato&#8221; en el marco de la investigaci\u00f3n que se [&hellip;]<\/p>\n","protected":false},"author":2,"featured_media":9000,"comment_status":"open","ping_status":"open","sticky":false,"template":"","format":"standard","meta":{"footnotes":""},"categories":[68],"tags":[],"class_list":{"0":"post-8997","1":"post","2":"type-post","3":"status-publish","4":"format-standard","5":"has-post-thumbnail","7":"category-policiales-nacionales"},"_links":{"self":[{"href":"https:\/\/elpueblonoticia.com.ar\/web\/wp-json\/wp\/v2\/posts\/8997","targetHints":{"allow":["GET"]}}],"collection":[{"href":"https:\/\/elpueblonoticia.com.ar\/web\/wp-json\/wp\/v2\/posts"}],"about":[{"href":"https:\/\/elpueblonoticia.com.ar\/web\/wp-json\/wp\/v2\/types\/post"}],"author":[{"embeddable":true,"href":"https:\/\/elpueblonoticia.com.ar\/web\/wp-json\/wp\/v2\/users\/2"}],"replies":[{"embeddable":true,"href":"https:\/\/elpueblonoticia.com.ar\/web\/wp-json\/wp\/v2\/comments?post=8997"}],"version-history":[{"count":1,"href":"https:\/\/elpueblonoticia.com.ar\/web\/wp-json\/wp\/v2\/posts\/8997\/revisions"}],"predecessor-version":[{"id":9001,"href":"https:\/\/elpueblonoticia.com.ar\/web\/wp-json\/wp\/v2\/posts\/8997\/revisions\/9001"}],"wp:featuredmedia":[{"embeddable":true,"href":"https:\/\/elpueblonoticia.com.ar\/web\/wp-json\/wp\/v2\/media\/9000"}],"wp:attachment":[{"href":"https:\/\/elpueblonoticia.com.ar\/web\/wp-json\/wp\/v2\/media?parent=8997"}],"wp:term":[{"taxonomy":"category","embeddable":true,"href":"https:\/\/elpueblonoticia.com.ar\/web\/wp-json\/wp\/v2\/categories?post=8997"},{"taxonomy":"post_tag","embeddable":true,"href":"https:\/\/elpueblonoticia.com.ar\/web\/wp-json\/wp\/v2\/tags?post=8997"}],"curies":[{"name":"wp","href":"https:\/\/api.w.org\/{rel}","templated":true}]}}