{"id":8991,"date":"2026-04-18T08:38:32","date_gmt":"2026-04-18T11:38:32","guid":{"rendered":"https:\/\/elpueblonoticia.com.ar\/web\/?p=8991"},"modified":"2026-04-18T08:38:32","modified_gmt":"2026-04-18T11:38:32","slug":"vacunacion-gratuita-en-la-feria-del-dia-del-emprendedor","status":"publish","type":"post","link":"https:\/\/elpueblonoticia.com.ar\/web\/2026\/04\/18\/vacunacion-gratuita-en-la-feria-del-dia-del-emprendedor\/","title":{"rendered":"Vacunaci\u00f3n gratuita en la Feria del D\u00eda del Emprendedor"},"content":{"rendered":"<p><strong>Informaci\u00f3n general<\/strong><\/p>\n<p>Sabado 18 de Abril de 2026<\/p>\n<p data-olk-copy-source=\"MessageBody\">La Municipalidad de Paso de los Libres realizar\u00e1 una jornada de vacunaci\u00f3n el s\u00e1bado 18 de abril, de 18 a 22 horas, en el marco de la Feria del D\u00eda del Emprendedor.<\/p>\n<p>La actividad se desarrollar\u00e1 sobre la avenida 2 de Abril y estar\u00e1 a cargo de la Secretar\u00eda de Salud, con el objetivo de facilitar el acceso a la vacunaci\u00f3n y completar el calendario correspondiente.<\/p>\n<p>Desde la organizaci\u00f3n se solicita a los vecinos asistir con el carnet de vacunaci\u00f3n para la correcta aplicaci\u00f3n de las dosis.<\/p>\n","protected":false},"excerpt":{"rendered":"<p>Informaci\u00f3n general Sabado 18 de Abril de 2026 La Municipalidad de Paso de los Libres realizar\u00e1 una jornada de vacunaci\u00f3n el s\u00e1bado 18 de abril, de 18 a 22 horas, en el marco de la Feria del D\u00eda del Emprendedor. La actividad se desarrollar\u00e1 sobre la avenida 2 de Abril y estar\u00e1 a cargo de [&hellip;]<\/p>\n","protected":false},"author":2,"featured_media":8992,"comment_status":"open","ping_status":"open","sticky":false,"template":"","format":"standard","meta":{"footnotes":""},"categories":[77],"tags":[],"class_list":{"0":"post-8991","1":"post","2":"type-post","3":"status-publish","4":"format-standard","5":"has-post-thumbnail","7":"category-paso-de-los-libres"},"_links":{"self":[{"href":"https:\/\/elpueblonoticia.com.ar\/web\/wp-json\/wp\/v2\/posts\/8991","targetHints":{"allow":["GET"]}}],"collection":[{"href":"https:\/\/elpueblonoticia.com.ar\/web\/wp-json\/wp\/v2\/posts"}],"about":[{"href":"https:\/\/elpueblonoticia.com.ar\/web\/wp-json\/wp\/v2\/types\/post"}],"author":[{"embeddable":true,"href":"https:\/\/elpueblonoticia.com.ar\/web\/wp-json\/wp\/v2\/users\/2"}],"replies":[{"embeddable":true,"href":"https:\/\/elpueblonoticia.com.ar\/web\/wp-json\/wp\/v2\/comments?post=8991"}],"version-history":[{"count":1,"href":"https:\/\/elpueblonoticia.com.ar\/web\/wp-json\/wp\/v2\/posts\/8991\/revisions"}],"predecessor-version":[{"id":8993,"href":"https:\/\/elpueblonoticia.com.ar\/web\/wp-json\/wp\/v2\/posts\/8991\/revisions\/8993"}],"wp:featuredmedia":[{"embeddable":true,"href":"https:\/\/elpueblonoticia.com.ar\/web\/wp-json\/wp\/v2\/media\/8992"}],"wp:attachment":[{"href":"https:\/\/elpueblonoticia.com.ar\/web\/wp-json\/wp\/v2\/media?parent=8991"}],"wp:term":[{"taxonomy":"category","embeddable":true,"href":"https:\/\/elpueblonoticia.com.ar\/web\/wp-json\/wp\/v2\/categories?post=8991"},{"taxonomy":"post_tag","embeddable":true,"href":"https:\/\/elpueblonoticia.com.ar\/web\/wp-json\/wp\/v2\/tags?post=8991"}],"curies":[{"name":"wp","href":"https:\/\/api.w.org\/{rel}","templated":true}]}}