{"id":8988,"date":"2026-04-17T17:41:34","date_gmt":"2026-04-17T20:41:34","guid":{"rendered":"https:\/\/elpueblonoticia.com.ar\/web\/?p=8988"},"modified":"2026-04-17T17:41:34","modified_gmt":"2026-04-17T20:41:34","slug":"ate-alerta-por-cesantias-y-hostigamiento-en-el-municipio-y-llama-a-movilizarse","status":"publish","type":"post","link":"https:\/\/elpueblonoticia.com.ar\/web\/2026\/04\/17\/ate-alerta-por-cesantias-y-hostigamiento-en-el-municipio-y-llama-a-movilizarse\/","title":{"rendered":"ATE ALERTA POR CESANT\u00cdAS Y HOSTIGAMIENTO EN EL MUNICIPIO Y LLAMA A MOVILIZARSE"},"content":{"rendered":"<p><strong>Interes general<\/strong><\/p>\n<p>Viernes 17 de Abril de 2026<\/p>\n<p>Crece la tensi\u00f3n entre el gremio ATE y el Ejecutivo municipal tras un comunicado en el que la organizaci\u00f3n advirti\u00f3 sobre \u201ccesant\u00edas en serie y hostigamiento laboral\u201d dentro del plantel de empleados de la Comuna.<\/p>\n<p>Mediante una pieza gr\u00e1fica difundida en redes, ATE expres\u00f3 su inquietud por la situaci\u00f3n que atraviesa parte del personal municipal y declar\u00f3 el estado de alerta y asamblea permanente. En ese marco, confirm\u00f3 una movilizaci\u00f3n para el mi\u00e9rcoles 22 de abril, con punto de encuentro frente al Palacio Municipal, bajo la consigna \u201cATE en pie de lucha\u201d.<\/p>\n<p>El pronunciamiento gremial describe un clima de alta conflictividad y anticipa una jornada de reclamo que podr\u00eda tener fuerte impacto local, en caso de que avancen las denuncias por desvinculaciones, presiones a trabajadores o medidas que comprometan la estabilidad laboral.<\/p>\n<p>Desde el sindicato no solo apuntan a las cesant\u00edas, sino tambi\u00e9n a lo que definen como un \u201cambiente de persecuci\u00f3n y amedrentamiento\u201d, una acusaci\u00f3n de fuerte peso institucional que eleva la presi\u00f3n sobre las autoridades locales.<\/p>\n<p>La movilizaci\u00f3n busca exponer la situaci\u00f3n de los trabajadores y reclamar definiciones concretas ante lo que ATE considera un \u201catropello a derechos adquiridos\u201d en el \u00e1mbito municipal.<\/p>\n<p>Hasta el momento no hubo pronunciamiento oficial por parte del Ejecutivo. Se aguarda una respuesta del Municipio mientras crece la expectativa por la convocatoria y por las derivaciones que el conflicto pueda tener en el funcionamiento de la administraci\u00f3n.<\/p>\n<p>Con este escenario, Paso de los Libres vuelve a quedar en el centro de la agenda, esta vez por una disputa gremial que amenaza con profundizarse y abrir un nuevo foco de tensi\u00f3n entre el personal y la Comuna.<\/p>\n<p>&nbsp;<\/p>\n","protected":false},"excerpt":{"rendered":"<p>Interes general Viernes 17 de Abril de 2026 Crece la tensi\u00f3n entre el gremio ATE y el Ejecutivo municipal tras un comunicado en el que la organizaci\u00f3n advirti\u00f3 sobre \u201ccesant\u00edas en serie y hostigamiento laboral\u201d dentro del plantel de empleados de la Comuna. Mediante una pieza gr\u00e1fica difundida en redes, ATE expres\u00f3 su inquietud por [&hellip;]<\/p>\n","protected":false},"author":2,"featured_media":8989,"comment_status":"open","ping_status":"open","sticky":false,"template":"","format":"standard","meta":{"footnotes":""},"categories":[77],"tags":[],"class_list":{"0":"post-8988","1":"post","2":"type-post","3":"status-publish","4":"format-standard","5":"has-post-thumbnail","7":"category-paso-de-los-libres"},"_links":{"self":[{"href":"https:\/\/elpueblonoticia.com.ar\/web\/wp-json\/wp\/v2\/posts\/8988","targetHints":{"allow":["GET"]}}],"collection":[{"href":"https:\/\/elpueblonoticia.com.ar\/web\/wp-json\/wp\/v2\/posts"}],"about":[{"href":"https:\/\/elpueblonoticia.com.ar\/web\/wp-json\/wp\/v2\/types\/post"}],"author":[{"embeddable":true,"href":"https:\/\/elpueblonoticia.com.ar\/web\/wp-json\/wp\/v2\/users\/2"}],"replies":[{"embeddable":true,"href":"https:\/\/elpueblonoticia.com.ar\/web\/wp-json\/wp\/v2\/comments?post=8988"}],"version-history":[{"count":1,"href":"https:\/\/elpueblonoticia.com.ar\/web\/wp-json\/wp\/v2\/posts\/8988\/revisions"}],"predecessor-version":[{"id":8990,"href":"https:\/\/elpueblonoticia.com.ar\/web\/wp-json\/wp\/v2\/posts\/8988\/revisions\/8990"}],"wp:featuredmedia":[{"embeddable":true,"href":"https:\/\/elpueblonoticia.com.ar\/web\/wp-json\/wp\/v2\/media\/8989"}],"wp:attachment":[{"href":"https:\/\/elpueblonoticia.com.ar\/web\/wp-json\/wp\/v2\/media?parent=8988"}],"wp:term":[{"taxonomy":"category","embeddable":true,"href":"https:\/\/elpueblonoticia.com.ar\/web\/wp-json\/wp\/v2\/categories?post=8988"},{"taxonomy":"post_tag","embeddable":true,"href":"https:\/\/elpueblonoticia.com.ar\/web\/wp-json\/wp\/v2\/tags?post=8988"}],"curies":[{"name":"wp","href":"https:\/\/api.w.org\/{rel}","templated":true}]}}