{"id":8985,"date":"2026-04-17T08:57:45","date_gmt":"2026-04-17T11:57:45","guid":{"rendered":"https:\/\/elpueblonoticia.com.ar\/web\/?p=8985"},"modified":"2026-04-17T08:57:45","modified_gmt":"2026-04-17T11:57:45","slug":"cronograma-de-entrega-de-modulos-alimentarios","status":"publish","type":"post","link":"https:\/\/elpueblonoticia.com.ar\/web\/2026\/04\/17\/cronograma-de-entrega-de-modulos-alimentarios\/","title":{"rendered":"Cronograma de entrega de m\u00f3dulos alimentarios"},"content":{"rendered":"<p><strong>Interes general<\/strong><\/p>\n<p>Viernes 17 de Abril de 2026<\/p>\n<p data-olk-copy-source=\"MessageBody\">La Municipalidad de Paso de los Libres informa que este jueves 16 de abril dar\u00e1 inicio la entrega de m\u00f3dulos alimentarios destinada a personas previamente inscriptas.<\/p>\n<p>La distribuci\u00f3n se realizar\u00e1 en la Oficina de Acci\u00f3n Social, en el horario de 7:00 a 13:00 horas, conforme al siguiente cronograma organizado por inicial del apellido:<\/p>\n<p>\u2022 Jueves 16 de abril: A \u2013 B<br \/>\n\u2022 Viernes 17 de abril: C \u2013 D<br \/>\n\u2022 Lunes 20 de abril: E \u2013 F \u2013 G<br \/>\n\u2022 Martes 21 de abril: H \u2013 I \u2013 J \u2013 K \u2013 L<br \/>\n\u2022 Mi\u00e9rcoles 22 de abril: M \u2013 N \u2013 O<br \/>\n\u2022 Jueves 23 de abril: P \u2013 Q \u2013 R<br \/>\n\u2022 Viernes 24 de abril: S \u2013 T \u2013 U \u2013 V \u2013 W \u2013 X \u2013 Y \u2013 Z<\/p>\n<p>Asimismo, la entrega destinada a personas de la tercera edad se realizar\u00e1 a partir del martes 21 de abril en la Oficina de Tercera Edad, ubicada en Coronel Reguera 966.<\/p>\n<p>La medida tiene como objetivo garantizar una distribuci\u00f3n ordenada y equitativa de los m\u00f3dulos, facilitando la atenci\u00f3n de los beneficiarios.<\/p>\n<p>Se solicita a las personas asistir el d\u00eda asignado, respetando el cronograma establecido.<\/p>\n","protected":false},"excerpt":{"rendered":"<p>Interes general Viernes 17 de Abril de 2026 La Municipalidad de Paso de los Libres informa que este jueves 16 de abril dar\u00e1 inicio la entrega de m\u00f3dulos alimentarios destinada a personas previamente inscriptas. La distribuci\u00f3n se realizar\u00e1 en la Oficina de Acci\u00f3n Social, en el horario de 7:00 a 13:00 horas, conforme al siguiente [&hellip;]<\/p>\n","protected":false},"author":2,"featured_media":8986,"comment_status":"open","ping_status":"open","sticky":false,"template":"","format":"standard","meta":{"footnotes":""},"categories":[77],"tags":[],"class_list":{"0":"post-8985","1":"post","2":"type-post","3":"status-publish","4":"format-standard","5":"has-post-thumbnail","7":"category-paso-de-los-libres"},"_links":{"self":[{"href":"https:\/\/elpueblonoticia.com.ar\/web\/wp-json\/wp\/v2\/posts\/8985","targetHints":{"allow":["GET"]}}],"collection":[{"href":"https:\/\/elpueblonoticia.com.ar\/web\/wp-json\/wp\/v2\/posts"}],"about":[{"href":"https:\/\/elpueblonoticia.com.ar\/web\/wp-json\/wp\/v2\/types\/post"}],"author":[{"embeddable":true,"href":"https:\/\/elpueblonoticia.com.ar\/web\/wp-json\/wp\/v2\/users\/2"}],"replies":[{"embeddable":true,"href":"https:\/\/elpueblonoticia.com.ar\/web\/wp-json\/wp\/v2\/comments?post=8985"}],"version-history":[{"count":1,"href":"https:\/\/elpueblonoticia.com.ar\/web\/wp-json\/wp\/v2\/posts\/8985\/revisions"}],"predecessor-version":[{"id":8987,"href":"https:\/\/elpueblonoticia.com.ar\/web\/wp-json\/wp\/v2\/posts\/8985\/revisions\/8987"}],"wp:featuredmedia":[{"embeddable":true,"href":"https:\/\/elpueblonoticia.com.ar\/web\/wp-json\/wp\/v2\/media\/8986"}],"wp:attachment":[{"href":"https:\/\/elpueblonoticia.com.ar\/web\/wp-json\/wp\/v2\/media?parent=8985"}],"wp:term":[{"taxonomy":"category","embeddable":true,"href":"https:\/\/elpueblonoticia.com.ar\/web\/wp-json\/wp\/v2\/categories?post=8985"},{"taxonomy":"post_tag","embeddable":true,"href":"https:\/\/elpueblonoticia.com.ar\/web\/wp-json\/wp\/v2\/tags?post=8985"}],"curies":[{"name":"wp","href":"https:\/\/api.w.org\/{rel}","templated":true}]}}