{"id":8970,"date":"2026-04-15T23:14:53","date_gmt":"2026-04-16T02:14:53","guid":{"rendered":"https:\/\/elpueblonoticia.com.ar\/web\/?p=8970"},"modified":"2026-04-16T10:10:15","modified_gmt":"2026-04-16T13:10:15","slug":"la-critica-no-es-ataque-es-parte-del-trabajo","status":"publish","type":"post","link":"https:\/\/elpueblonoticia.com.ar\/web\/2026\/04\/15\/la-critica-no-es-ataque-es-parte-del-trabajo\/","title":{"rendered":"La cr\u00edtica no es ataque, es parte del trabajo"},"content":{"rendered":"<p><strong>Libertad de Expresi\u00f3n<\/strong><\/p>\n<p>Paso de los Libres 15 de Abril de 2026<\/p>\n<p>Por : Rol\u00f3n Javier Adrian<\/p>\n<p>La concejal <strong>Goia Danuzzo<\/strong> sali\u00f3 a cuestionar a los medios de Libres y de la provincia porque replicaron informaci\u00f3n sobre el nombramiento del profesor <strong>Ra\u00fal Tarabini<\/strong> como vocero del Ejecutivo municipal. Como director de la Corresponsalia de<strong>\u00a0&#8221; <span class=\"xv78j7m\" spellcheck=\"false\">El pueblo noticia &#8220;<\/span><\/strong><span class=\"xv78j7m\" spellcheck=\"false\"> de Paso de los Libres <\/span>y como quien public\u00f3 esa noticia en Facebook, me siento tocado por sus dichos. Y corresponde responder.<\/p>\n<p><strong>Qu\u00e9 publicamos y por qu\u00e9<\/strong><\/p>\n<p>No fue una \u201coperaci\u00f3n\u201d ni una cr\u00edtica maliciosa. Fue informaci\u00f3n y an\u00e1lisis. Anunciamos la designaci\u00f3n de Tarabini como vocero del Ejecutivo y explicamos qu\u00e9 funci\u00f3n iba a cumplir. Eso es periodismo: contar lo que pasa en el Estado y analizar qu\u00e9 implica para el vecino.<\/p>\n<p>Adem\u00e1s, dimos lugar a un reclamo concreto. Una vecina de Libres se comunic\u00f3 con este medio porque fue al Municipio a pedir audiencia con el vocero. Le dijeron que no estaba, que no pod\u00eda atender. Detr\u00e1s de ella, otros ciudadanos s\u00ed fueron recibidos. La se\u00f1ora lo sinti\u00f3 como un trato discriminatorio y pidi\u00f3 que se haga p\u00fablico. Publicamos su queja, la chequeamos y la enmarcamos como lo que era: un pedido para que se mejore la atenci\u00f3n.<\/p>\n<p><a href=\"https:\/\/elpueblonoticia.com.ar\/web\/2026\/04\/10\/vocero-o-barrera-el-inedito-cargo-municipal-que-incomunica\/\">\u00bfVocero o Barrera? El In\u00e9dito Cargo Municipal que Incomunic\u00e1 | El Pueblo Noticia Goya\u00a0\u00a0<\/a><\/p>\n<p><img loading=\"lazy\" decoding=\"async\" class=\"alignnone size-medium wp-image-8979\" src=\"https:\/\/elpueblonoticia.com.ar\/web\/wp-content\/uploads\/2026\/04\/669650779_1562796449190962_323264410125275766_n-1-145x300.jpg\" alt=\"\" width=\"145\" height=\"300\" srcset=\"https:\/\/elpueblonoticia.com.ar\/web\/wp-content\/uploads\/2026\/04\/669650779_1562796449190962_323264410125275766_n-1-145x300.jpg 145w, https:\/\/elpueblonoticia.com.ar\/web\/wp-content\/uploads\/2026\/04\/669650779_1562796449190962_323264410125275766_n-1-496x1024.jpg 496w, https:\/\/elpueblonoticia.com.ar\/web\/wp-content\/uploads\/2026\/04\/669650779_1562796449190962_323264410125275766_n-1-204x420.jpg 204w, https:\/\/elpueblonoticia.com.ar\/web\/wp-content\/uploads\/2026\/04\/669650779_1562796449190962_323264410125275766_n-1-696x1436.jpg 696w, https:\/\/elpueblonoticia.com.ar\/web\/wp-content\/uploads\/2026\/04\/669650779_1562796449190962_323264410125275766_n-1.jpg 720w\" sizes=\"auto, (max-width: 145px) 100vw, 145px\" \/><\/p>\n<p>&nbsp;<\/p>\n<p><strong>La cr\u00edtica construye si se escucha<\/strong><\/p>\n<p>A eso se dedica un portal local: a ser puente entre el vecino y el poder. Si el vocero del intendente no atiende, si hay gente que entra y otra que no, eso no es un detalle menor. Es acceso a la informaci\u00f3n p\u00fablica. Es igualdad de trato. Es transparencia. Se\u00f1alarlo no es pegarle al Municipio: es pedirle que funcione mejor.<\/p>\n<p>La concejal Goia Danuzzo tiene todo el derecho a disentir con una nota o con un enfoque. Lo que no corresponde es descalificar al mensajero cuando el mensaje molesta. Los medios no somos enemigos del Concejo ni del Ejecutivo. Somos parte del control democr\u00e1tico. Cuando un funcionario asume un rol p\u00fablico, su gesti\u00f3n queda bajo escrutinio p\u00fablico.<\/p>\n<p><strong>El debate es con argumentos, no con adjetivos<\/strong><\/p>\n<p>Si hay datos err\u00f3neos en lo publicado, se corrigen. Si hay otra versi\u00f3n de los hechos, se publica. Las puertas de este portal est\u00e1n abiertas para el descargo del profesor Tarabini, del intendente o de la propia concejal. Lo que no vamos a hacer es callarnos porque una nota incomoda.<\/p>\n<p>A los seguidores que nos env\u00edan material, gracias. Ese es el pacto: ustedes nos acercan lo que pasa, nosotros lo verificamos y lo contamos. A veces ser\u00e1 elogio, a veces ser\u00e1 queja. Ambas cosas hacen a la vida democr\u00e1tica de Libres.<\/p>\n<p><strong>Que la cr\u00edtica sirva<\/strong><\/p>\n<p>Si tras esta pol\u00e9mica el vocero mejora el sistema de audiencias, si se establece un protocolo claro, si se termina con la sensaci\u00f3n de que \u201calgunos pasan y otros no\u201d, entonces la cr\u00edtica habr\u00e1 servido. Esa es la \u00fanica autocr\u00edtica que vale: la que hace el Estado sobre su propio funcionamiento.<\/p>\n<p>Al Municipio le pedimos una cosa simple: reglas claras y trato igualitario. A la concejal Danuzzo le pedimos otra igual de simple: debate con respeto, sin apuntar a los medios por hacer su trabajo.<\/p>\n<p>Porque cuando la pol\u00edtica se enoja con el periodismo, casi siempre es porque el periodismo est\u00e1 haciendo periodismo.<\/p>\n<p>Por : Rol\u00f3n Javier Adrian<\/p>\n","protected":false},"excerpt":{"rendered":"<p>Libertad de Expresi\u00f3n Paso de los Libres 15 de Abril de 2026 Por : Rol\u00f3n Javier Adrian La concejal Goia Danuzzo sali\u00f3 a cuestionar a los medios de Libres y de la provincia porque replicaron informaci\u00f3n sobre el nombramiento del profesor Ra\u00fal Tarabini como vocero del Ejecutivo municipal. Como director de la Corresponsalia de\u00a0&#8221; El [&hellip;]<\/p>\n","protected":false},"author":2,"featured_media":8975,"comment_status":"open","ping_status":"open","sticky":false,"template":"","format":"standard","meta":{"footnotes":""},"categories":[83],"tags":[],"class_list":{"0":"post-8970","1":"post","2":"type-post","3":"status-publish","4":"format-standard","5":"has-post-thumbnail","7":"category-editorial"},"_links":{"self":[{"href":"https:\/\/elpueblonoticia.com.ar\/web\/wp-json\/wp\/v2\/posts\/8970","targetHints":{"allow":["GET"]}}],"collection":[{"href":"https:\/\/elpueblonoticia.com.ar\/web\/wp-json\/wp\/v2\/posts"}],"about":[{"href":"https:\/\/elpueblonoticia.com.ar\/web\/wp-json\/wp\/v2\/types\/post"}],"author":[{"embeddable":true,"href":"https:\/\/elpueblonoticia.com.ar\/web\/wp-json\/wp\/v2\/users\/2"}],"replies":[{"embeddable":true,"href":"https:\/\/elpueblonoticia.com.ar\/web\/wp-json\/wp\/v2\/comments?post=8970"}],"version-history":[{"count":9,"href":"https:\/\/elpueblonoticia.com.ar\/web\/wp-json\/wp\/v2\/posts\/8970\/revisions"}],"predecessor-version":[{"id":8983,"href":"https:\/\/elpueblonoticia.com.ar\/web\/wp-json\/wp\/v2\/posts\/8970\/revisions\/8983"}],"wp:featuredmedia":[{"embeddable":true,"href":"https:\/\/elpueblonoticia.com.ar\/web\/wp-json\/wp\/v2\/media\/8975"}],"wp:attachment":[{"href":"https:\/\/elpueblonoticia.com.ar\/web\/wp-json\/wp\/v2\/media?parent=8970"}],"wp:term":[{"taxonomy":"category","embeddable":true,"href":"https:\/\/elpueblonoticia.com.ar\/web\/wp-json\/wp\/v2\/categories?post=8970"},{"taxonomy":"post_tag","embeddable":true,"href":"https:\/\/elpueblonoticia.com.ar\/web\/wp-json\/wp\/v2\/tags?post=8970"}],"curies":[{"name":"wp","href":"https:\/\/api.w.org\/{rel}","templated":true}]}}