{"id":8963,"date":"2026-04-15T22:04:35","date_gmt":"2026-04-16T01:04:35","guid":{"rendered":"https:\/\/elpueblonoticia.com.ar\/web\/?p=8963"},"modified":"2026-04-15T22:12:22","modified_gmt":"2026-04-16T01:12:22","slug":"tarde-para-la-foto-temprano-para-el-voto","status":"publish","type":"post","link":"https:\/\/elpueblonoticia.com.ar\/web\/2026\/04\/15\/tarde-para-la-foto-temprano-para-el-voto\/","title":{"rendered":"Tarde para la foto, temprano para el voto"},"content":{"rendered":"<p><strong>SALUD<\/strong><\/p>\n<p>Paso de los Libres 15 de Abril de 2026<\/p>\n<p>Por : Rol\u00f3n Javier Adrian<\/p>\n<p>Ahora varios ediles de Paso de los Libres descubren que falta <strong>Remediar<\/strong>. Y hacen bien en advertirlo: el <strong>recorte<\/strong> va a pegar directo en cada salita, donde miles de vecinos retiran lo b\u00e1sico para vivir. Sin programa, no hay pastillas para la presi\u00f3n, no hay antibi\u00f3ticos, no hay insulina.<\/p>\n<p>Lo que no dicen es que<strong> muchos de esos mismos espacios pol\u00edticos fueron parte del operativo para que este gobierno nacional llegue<\/strong>. Respaldaron un plan de motosierra que hoy destroza la salud p\u00fablica. Ese plan no sali\u00f3 de un repollo, pas\u00f3 por el Congreso con el ok de senadores como<strong> Peteco Vischi y Camau Esp\u00ednola<\/strong>, que levantaron la mano por la Ley Bases y por otras normas que recortan derechos a laburantes, a personas con discapacidad y a jubilados.<\/p>\n<p>No sirve posar con cara de preocupaci\u00f3n cuando el da\u00f1o ya est\u00e1 hecho. La responsabilidad no se act\u00faa, se ejerce. El Concejo Deliberante es \u00f3rgano de control y de representaci\u00f3n. Tiene la facultad de impulsar medidas de emergencia, crear fondos especiales, gestionar partidas o dise\u00f1ar asistencia local para cubrir el bache que deja Naci\u00f3n en los CAPS.<\/p>\n<p><strong>Si bancaste el ajuste, banc\u00e1 la soluci\u00f3n<\/strong><\/p>\n<p>No se puede ser oficialista del recorte y opositor de las consecuencias. Votaste la motosierra, entonces ayud\u00e1 a juntar los pedazos. No alcanza con el comunicado ni con la nota al Ejecutivo. Hace falta ordenanza, plata y gesti\u00f3n.<\/p>\n<p>El vecino no se cura con declaraciones. Se cura con bl\u00edsters. Y si el Remediar se corta porque en el Senado hubo votos de Corrientes, el reclamo local tiene que venir con memoria y con proyecto. Sin memoria es caradurez. Sin proyecto es humo.<\/p>\n<p><strong>La salud no es un escenario<\/strong><\/p>\n<p>El ajuste tuvo padrinos, tuvo aliados y tuvo aplausos. Ahora que el ajuste tiene la cara de una abuela sin medicaci\u00f3n, esos padrinos salen a tuitear indignaci\u00f3n.<\/p>\n<p>Defender la salud p\u00fablica no es sacarse una selfie en la puerta del CAPS. Es no votar leyes que lo desfinancian. Es no aplaudir al que recorta. Es poner la firma cuando hay que frenar el da\u00f1o, no cuando el da\u00f1o ya se ve.<\/p>\n<p>Los libre\u00f1os no piden prensa. Piden los remedios. Y para conseguirlos, primero hay que hacerse cargo del modelo que trajeron.<\/p>\n<p><img loading=\"lazy\" decoding=\"async\" class=\"alignnone size-medium wp-image-8964\" src=\"https:\/\/elpueblonoticia.com.ar\/web\/wp-content\/uploads\/2026\/04\/541621484_764068009836903_8564800696253254570_n-300x233.jpg\" alt=\"\" width=\"300\" height=\"233\" srcset=\"https:\/\/elpueblonoticia.com.ar\/web\/wp-content\/uploads\/2026\/04\/541621484_764068009836903_8564800696253254570_n-300x233.jpg 300w, https:\/\/elpueblonoticia.com.ar\/web\/wp-content\/uploads\/2026\/04\/541621484_764068009836903_8564800696253254570_n.jpg 480w\" sizes=\"auto, (max-width: 300px) 100vw, 300px\" \/><\/p>\n","protected":false},"excerpt":{"rendered":"<p>SALUD Paso de los Libres 15 de Abril de 2026 Por : Rol\u00f3n Javier Adrian Ahora varios ediles de Paso de los Libres descubren que falta Remediar. Y hacen bien en advertirlo: el recorte va a pegar directo en cada salita, donde miles de vecinos retiran lo b\u00e1sico para vivir. Sin programa, no hay pastillas [&hellip;]<\/p>\n","protected":false},"author":2,"featured_media":8965,"comment_status":"open","ping_status":"open","sticky":false,"template":"","format":"standard","meta":{"footnotes":""},"categories":[83],"tags":[],"class_list":{"0":"post-8963","1":"post","2":"type-post","3":"status-publish","4":"format-standard","5":"has-post-thumbnail","7":"category-editorial"},"_links":{"self":[{"href":"https:\/\/elpueblonoticia.com.ar\/web\/wp-json\/wp\/v2\/posts\/8963","targetHints":{"allow":["GET"]}}],"collection":[{"href":"https:\/\/elpueblonoticia.com.ar\/web\/wp-json\/wp\/v2\/posts"}],"about":[{"href":"https:\/\/elpueblonoticia.com.ar\/web\/wp-json\/wp\/v2\/types\/post"}],"author":[{"embeddable":true,"href":"https:\/\/elpueblonoticia.com.ar\/web\/wp-json\/wp\/v2\/users\/2"}],"replies":[{"embeddable":true,"href":"https:\/\/elpueblonoticia.com.ar\/web\/wp-json\/wp\/v2\/comments?post=8963"}],"version-history":[{"count":4,"href":"https:\/\/elpueblonoticia.com.ar\/web\/wp-json\/wp\/v2\/posts\/8963\/revisions"}],"predecessor-version":[{"id":8969,"href":"https:\/\/elpueblonoticia.com.ar\/web\/wp-json\/wp\/v2\/posts\/8963\/revisions\/8969"}],"wp:featuredmedia":[{"embeddable":true,"href":"https:\/\/elpueblonoticia.com.ar\/web\/wp-json\/wp\/v2\/media\/8965"}],"wp:attachment":[{"href":"https:\/\/elpueblonoticia.com.ar\/web\/wp-json\/wp\/v2\/media?parent=8963"}],"wp:term":[{"taxonomy":"category","embeddable":true,"href":"https:\/\/elpueblonoticia.com.ar\/web\/wp-json\/wp\/v2\/categories?post=8963"},{"taxonomy":"post_tag","embeddable":true,"href":"https:\/\/elpueblonoticia.com.ar\/web\/wp-json\/wp\/v2\/tags?post=8963"}],"curies":[{"name":"wp","href":"https:\/\/api.w.org\/{rel}","templated":true}]}}