{"id":8958,"date":"2026-04-14T10:17:06","date_gmt":"2026-04-14T13:17:06","guid":{"rendered":"https:\/\/elpueblonoticia.com.ar\/web\/?p=8958"},"modified":"2026-04-14T10:17:06","modified_gmt":"2026-04-14T13:17:06","slug":"catorce-anos-ocho-muertos-cero-carcel","status":"publish","type":"post","link":"https:\/\/elpueblonoticia.com.ar\/web\/2026\/04\/14\/catorce-anos-ocho-muertos-cero-carcel\/","title":{"rendered":"Catorce a\u00f1os, ocho muertos, cero c\u00e1rcel"},"content":{"rendered":"<p><strong>Judiciales<\/strong><\/p>\n<p>Martes 14 de Abril de 2026<\/p>\n<p>El Superior Tribunal de Justicia de Corrientes le puso un mo\u00f1o a la impunidad. A casi catorce a\u00f1os del derrumbe de San Mart\u00edn 652, confirm\u00f3 tres a\u00f1os de prisi\u00f3n en suspenso para los responsables de una tragedia que se llev\u00f3 ocho vidas. Traducido: nadie va a pisar una c\u00e1rcel.<\/p>\n<p><strong>La justicia que llega tarde no es justicia. Es tr\u00e1mite.<\/strong><\/p>\n<p>El 22 de marzo de 2012, once obreros quedaron bajo toneladas de hormig\u00f3n mientras trabajaban en el noveno piso. Ocho no volvieron a casa. Diego Rodr\u00edguez, Marcos Gonz\u00e1lez, Jorge y Eduardo Acevedo, William Valenzuela, Ram\u00f3n Zacar\u00edas, Enrique Sosa y Paulo Medina. Nombres, no expedientes. Familias, no fojas.<\/p>\n<p>El lunes, el STJ rechaz\u00f3 los recursos de casaci\u00f3n y dej\u00f3 firme la condena que ya era una burla: tres a\u00f1os en suspenso. El abogado de la querella, Juan Manuel Cubilla Podest\u00e1, lo dijo sin vueltas: \u201cOcho personas murieron y, sin embargo, los responsables seguir\u00e1n en libertad. Hay una clara tensi\u00f3n entre la idea de justicia y el resultado del fallo\u201d.<\/p>\n<p><strong><em>Tensi\u00f3n es poco. Es un abismo.<\/em><\/strong><\/p>\n<p><strong>Tres fallas, una sola consecuencia: impunidad<\/strong><\/p>\n<p>Por : Rol\u00f3n Javier Adrian<\/p>\n","protected":false},"excerpt":{"rendered":"<p>Judiciales Martes 14 de Abril de 2026 El Superior Tribunal de Justicia de Corrientes le puso un mo\u00f1o a la impunidad. A casi catorce a\u00f1os del derrumbe de San Mart\u00edn 652, confirm\u00f3 tres a\u00f1os de prisi\u00f3n en suspenso para los responsables de una tragedia que se llev\u00f3 ocho vidas. Traducido: nadie va a pisar una [&hellip;]<\/p>\n","protected":false},"author":2,"featured_media":8959,"comment_status":"open","ping_status":"open","sticky":false,"template":"","format":"standard","meta":{"footnotes":""},"categories":[83],"tags":[],"class_list":{"0":"post-8958","1":"post","2":"type-post","3":"status-publish","4":"format-standard","5":"has-post-thumbnail","7":"category-editorial"},"_links":{"self":[{"href":"https:\/\/elpueblonoticia.com.ar\/web\/wp-json\/wp\/v2\/posts\/8958","targetHints":{"allow":["GET"]}}],"collection":[{"href":"https:\/\/elpueblonoticia.com.ar\/web\/wp-json\/wp\/v2\/posts"}],"about":[{"href":"https:\/\/elpueblonoticia.com.ar\/web\/wp-json\/wp\/v2\/types\/post"}],"author":[{"embeddable":true,"href":"https:\/\/elpueblonoticia.com.ar\/web\/wp-json\/wp\/v2\/users\/2"}],"replies":[{"embeddable":true,"href":"https:\/\/elpueblonoticia.com.ar\/web\/wp-json\/wp\/v2\/comments?post=8958"}],"version-history":[{"count":1,"href":"https:\/\/elpueblonoticia.com.ar\/web\/wp-json\/wp\/v2\/posts\/8958\/revisions"}],"predecessor-version":[{"id":8960,"href":"https:\/\/elpueblonoticia.com.ar\/web\/wp-json\/wp\/v2\/posts\/8958\/revisions\/8960"}],"wp:featuredmedia":[{"embeddable":true,"href":"https:\/\/elpueblonoticia.com.ar\/web\/wp-json\/wp\/v2\/media\/8959"}],"wp:attachment":[{"href":"https:\/\/elpueblonoticia.com.ar\/web\/wp-json\/wp\/v2\/media?parent=8958"}],"wp:term":[{"taxonomy":"category","embeddable":true,"href":"https:\/\/elpueblonoticia.com.ar\/web\/wp-json\/wp\/v2\/categories?post=8958"},{"taxonomy":"post_tag","embeddable":true,"href":"https:\/\/elpueblonoticia.com.ar\/web\/wp-json\/wp\/v2\/tags?post=8958"}],"curies":[{"name":"wp","href":"https:\/\/api.w.org\/{rel}","templated":true}]}}