{"id":8953,"date":"2026-04-14T09:58:47","date_gmt":"2026-04-14T12:58:47","guid":{"rendered":"https:\/\/elpueblonoticia.com.ar\/web\/?p=8953"},"modified":"2026-04-14T10:02:26","modified_gmt":"2026-04-14T13:02:26","slug":"valdes-estira-la-agonia-posterga-los-anuncios-de-mejoras-salariales","status":"publish","type":"post","link":"https:\/\/elpueblonoticia.com.ar\/web\/2026\/04\/14\/valdes-estira-la-agonia-posterga-los-anuncios-de-mejoras-salariales\/","title":{"rendered":"VALD\u00c9S ESTIRA LA AGON\u00cdA: POSTERGA LOS ANUNCIOS DE MEJORAS SALARIALES"},"content":{"rendered":"<p><strong>Docentes Correntinos<\/strong><\/p>\n<p>Martes 14 de Abril de 2026<\/p>\n<p>Por : Rol\u00f3n Javier Adrian<\/p>\n<p>En Corrientes, el tiempo no corre igual para todos. Para el gobernador Juan Pablo Vald\u00e9s, el tiempo es una variable de c\u00e1lculo pol\u00edtico. Para el docente que marcha con bocinazos, para el empleado p\u00fablico que hace malabares en el supermercado y para el jubilado que elige entre remedios o comida, el tiempo es otra cosa: es urgencia.<\/p>\n<p>Otra vez, Vald\u00e9s esquiv\u00f3 definiciones salariales. \u201cEsperamos anunciar pronto\u201d, dijo. El \u201cpronto\u201d del oficialismo es un chicle que se estira mientras el sueldo se achica. Cuando el bolsillo est\u00e1 vac\u00edo, \u201cpronto\u201d ya es tarde.<\/p>\n<p><strong>La gesti\u00f3n de las selfies<\/strong><\/p>\n<p>Sobre Educaci\u00f3n, el mandatario defendi\u00f3 a su gesti\u00f3n con un argumento ins\u00f3lito: \u201chay fotos\u201d de las reuniones con gremios. \u00bfDesde cu\u00e1ndo las soluciones se miden en megap\u00edxeles y no en paritarias dignas? Las fotos no pagan el alquiler. Las fotos no devuelven los descuentos. Las fotos no explican por qu\u00e9 los docentes denuncian que la Ministra no los convoca al di\u00e1logo y que hay despidos en los Institutos de Formaci\u00f3n.<\/p>\n<p>Gobernar no es un book de Instagram. Es sentarse, escuchar y resolver. Y si despu\u00e9s de la foto no hay respuesta, entonces la foto es apenas una coartada.<\/p>\n<p><strong>Promesas con alambre<\/strong><\/p>\n<p>Lo mismo pasa con las rutas. El plan es provincializar las rutas nacionales\u2026 pero solo si Naci\u00f3n manda los fondos. Otra promesa atada con alambre, condicionada, sin fecha, sin monto, sin certeza. Mientras tanto, los correntinos siguen rompiendo el auto en pozos que no distinguen jurisdicciones.<\/p>\n<p><strong>La agon\u00eda es de la gente<\/strong><\/p>\n<p>Postergar anuncios salariales no es administrar recursos: es estirar la agon\u00eda de miles de familias. El trabajador correntino no vive de expectativas ni de conferencias. Vive de un salario que hoy no alcanza y de una paciencia que se agota.<\/p>\n<p>Se\u00f1or Gobernador: el \u201cpronto\u201d ya venci\u00f3. La foto ya se sac\u00f3. Ahora hace falta la respuesta.<\/p>\n","protected":false},"excerpt":{"rendered":"<p>Docentes Correntinos Martes 14 de Abril de 2026 Por : Rol\u00f3n Javier Adrian En Corrientes, el tiempo no corre igual para todos. Para el gobernador Juan Pablo Vald\u00e9s, el tiempo es una variable de c\u00e1lculo pol\u00edtico. Para el docente que marcha con bocinazos, para el empleado p\u00fablico que hace malabares en el supermercado y para [&hellip;]<\/p>\n","protected":false},"author":2,"featured_media":8954,"comment_status":"open","ping_status":"open","sticky":false,"template":"","format":"standard","meta":{"footnotes":""},"categories":[83],"tags":[],"class_list":{"0":"post-8953","1":"post","2":"type-post","3":"status-publish","4":"format-standard","5":"has-post-thumbnail","7":"category-editorial"},"_links":{"self":[{"href":"https:\/\/elpueblonoticia.com.ar\/web\/wp-json\/wp\/v2\/posts\/8953","targetHints":{"allow":["GET"]}}],"collection":[{"href":"https:\/\/elpueblonoticia.com.ar\/web\/wp-json\/wp\/v2\/posts"}],"about":[{"href":"https:\/\/elpueblonoticia.com.ar\/web\/wp-json\/wp\/v2\/types\/post"}],"author":[{"embeddable":true,"href":"https:\/\/elpueblonoticia.com.ar\/web\/wp-json\/wp\/v2\/users\/2"}],"replies":[{"embeddable":true,"href":"https:\/\/elpueblonoticia.com.ar\/web\/wp-json\/wp\/v2\/comments?post=8953"}],"version-history":[{"count":2,"href":"https:\/\/elpueblonoticia.com.ar\/web\/wp-json\/wp\/v2\/posts\/8953\/revisions"}],"predecessor-version":[{"id":8956,"href":"https:\/\/elpueblonoticia.com.ar\/web\/wp-json\/wp\/v2\/posts\/8953\/revisions\/8956"}],"wp:featuredmedia":[{"embeddable":true,"href":"https:\/\/elpueblonoticia.com.ar\/web\/wp-json\/wp\/v2\/media\/8954"}],"wp:attachment":[{"href":"https:\/\/elpueblonoticia.com.ar\/web\/wp-json\/wp\/v2\/media?parent=8953"}],"wp:term":[{"taxonomy":"category","embeddable":true,"href":"https:\/\/elpueblonoticia.com.ar\/web\/wp-json\/wp\/v2\/categories?post=8953"},{"taxonomy":"post_tag","embeddable":true,"href":"https:\/\/elpueblonoticia.com.ar\/web\/wp-json\/wp\/v2\/tags?post=8953"}],"curies":[{"name":"wp","href":"https:\/\/api.w.org\/{rel}","templated":true}]}}