{"id":8950,"date":"2026-04-12T21:27:58","date_gmt":"2026-04-13T00:27:58","guid":{"rendered":"https:\/\/elpueblonoticia.com.ar\/web\/?p=8950"},"modified":"2026-04-12T21:27:58","modified_gmt":"2026-04-13T00:27:58","slug":"buscan-a-una-menor-que-se-ausento-de-su-hogar-y-piden-difundir-su-foto","status":"publish","type":"post","link":"https:\/\/elpueblonoticia.com.ar\/web\/2026\/04\/12\/buscan-a-una-menor-que-se-ausento-de-su-hogar-y-piden-difundir-su-foto\/","title":{"rendered":"BUSCAN A UNA MENOR QUE SE AUSENT\u00d3 DE SU HOGAR Y PIDEN DIFUNDIR SU FOTO"},"content":{"rendered":"<p><strong>Policiales<\/strong><\/p>\n<p>Domingo 12 de Abril de 2026<\/p>\n<div class=\"html-div xdj266r x14z9mp xat24cr x1lziwak xexx8yu xyri2b x18d9i69 x1c1uobl\">\n<div class=\"html-div xdj266r x14z9mp xat24cr x1lziwak xexx8yu xyri2b x18d9i69 x1c1uobl\">\n<div class=\"html-div xdj266r x14z9mp xat24cr x1lziwak xexx8yu xyri2b x18d9i69 x1c1uobl\">\n<div class=\"html-div xdj266r x14z9mp xat24cr x1lziwak xexx8yu xyri2b x18d9i69 x1c1uobl\">\n<div class=\"html-div xdj266r x14z9mp xat24cr x1lziwak xexx8yu xyri2b x18d9i69 x1c1uobl\" dir=\"auto\">\n<div class=\"html-div xdj266r x14z9mp xat24cr x1lziwak xexx8yu xyri2b x18d9i69 x1c1uobl\" data-ad-rendering-role=\"story_message\">\n<div class=\"x1l90r2v x1iorvi4 x1g0dm76 xpdmqnj\" data-ad-comet-preview=\"message\" data-ad-preview=\"message\">\n<div class=\"x78zum5 xdt5ytf xz62fqu x16ldp7u\">\n<div class=\"xu06os2 x1ok221b\">\n<div class=\"html-div xdj266r x14z9mp xat24cr x1lziwak xexx8yu xyri2b x18d9i69 x1c1uobl\">\n<div class=\"x14z9mp xat24cr x1lziwak x1vvkbs xtlvy1s x126k92a\">\n<div dir=\"auto\">La adolescente fue reportada como ausente este 12 de abril alrededor de la 1 de la madrugada. Solicitan a la comunidad que, ante cualquier dato sobre su paradero, se comuniquen de inmediato con el 911 o con la comisar\u00eda m\u00e1s cercana.<\/div>\n<div dir=\"auto\"><\/div>\n<\/div>\n<div class=\"x14z9mp xat24cr x1lziwak x1vvkbs xtlvy1s x126k92a\">\n<div dir=\"auto\">En la ciudad de Paso de los Libres se activ\u00f3 una b\u00fasqueda para dar con el paradero de la menor Pereyra Marianela Noem\u00ed, quien, seg\u00fan la informaci\u00f3n difundida, se ausent\u00f3 de su hogar este 12 de abril de 2026, aproximadamente a la 01:00 horas.<\/div>\n<\/div>\n<div class=\"x14z9mp xat24cr x1lziwak x1vvkbs xtlvy1s x126k92a\">\n<div dir=\"auto\">La imagen de la adolescente comenz\u00f3 a circular en las \u00faltimas horas con el objetivo de ampliar la b\u00fasqueda y lograr que cualquier persona que pueda aportar informaci\u00f3n \u00fatil d\u00e9 aviso inmediato a las autoridades.<\/div>\n<div dir=\"auto\"><\/div>\n<\/div>\n<div class=\"x14z9mp xat24cr x1lziwak x1vvkbs xtlvy1s x126k92a\">\n<div dir=\"auto\">Desde el pedido de difusi\u00f3n remarcan que cualquier dato que ayude a localizarla debe ser informado de manera urgente al servicio de emergencias 911 o a la comisar\u00eda m\u00e1s cercana.<\/div>\n<\/div>\n<div class=\"x14z9mp xat24cr x1lziwak x1vvkbs xtlvy1s x126k92a\">\n<div dir=\"auto\">La colaboraci\u00f3n de la comunidad resulta clave en este tipo de casos, por lo que se solicita compartir la informaci\u00f3n con responsabilidad para contribuir con la b\u00fasqueda de la menor.<\/div>\n<\/div>\n<div class=\"x14z9mp xat24cr x1lziwak x1vvkbs xtlvy1s x126k92a\">\n<div dir=\"auto\">Si ten\u00e9s informaci\u00f3n, comunicate de inmediato con el 911 o con la dependencia policial m\u00e1s cercana.<\/div>\n<\/div>\n<\/div>\n<\/div>\n<\/div>\n<\/div>\n<\/div>\n<\/div>\n<div class=\"html-div xdj266r x14z9mp xat24cr x1lziwak xexx8yu xyri2b x18d9i69 x1c1uobl x1n2onr6\">\n<div class=\"html-div xdj266r x14z9mp xat24cr x1lziwak xexx8yu xyri2b x18d9i69 x1c1uobl x6ikm8r x10wlt62\"><\/div>\n<\/div>\n<\/div>\n<\/div>\n<\/div>\n<\/div>\n","protected":false},"excerpt":{"rendered":"<p>Policiales Domingo 12 de Abril de 2026 La adolescente fue reportada como ausente este 12 de abril alrededor de la 1 de la madrugada. Solicitan a la comunidad que, ante cualquier dato sobre su paradero, se comuniquen de inmediato con el 911 o con la comisar\u00eda m\u00e1s cercana. En la ciudad de Paso de los [&hellip;]<\/p>\n","protected":false},"author":2,"featured_media":8951,"comment_status":"open","ping_status":"open","sticky":false,"template":"","format":"standard","meta":{"footnotes":""},"categories":[77],"tags":[],"class_list":{"0":"post-8950","1":"post","2":"type-post","3":"status-publish","4":"format-standard","5":"has-post-thumbnail","7":"category-paso-de-los-libres"},"_links":{"self":[{"href":"https:\/\/elpueblonoticia.com.ar\/web\/wp-json\/wp\/v2\/posts\/8950","targetHints":{"allow":["GET"]}}],"collection":[{"href":"https:\/\/elpueblonoticia.com.ar\/web\/wp-json\/wp\/v2\/posts"}],"about":[{"href":"https:\/\/elpueblonoticia.com.ar\/web\/wp-json\/wp\/v2\/types\/post"}],"author":[{"embeddable":true,"href":"https:\/\/elpueblonoticia.com.ar\/web\/wp-json\/wp\/v2\/users\/2"}],"replies":[{"embeddable":true,"href":"https:\/\/elpueblonoticia.com.ar\/web\/wp-json\/wp\/v2\/comments?post=8950"}],"version-history":[{"count":1,"href":"https:\/\/elpueblonoticia.com.ar\/web\/wp-json\/wp\/v2\/posts\/8950\/revisions"}],"predecessor-version":[{"id":8952,"href":"https:\/\/elpueblonoticia.com.ar\/web\/wp-json\/wp\/v2\/posts\/8950\/revisions\/8952"}],"wp:featuredmedia":[{"embeddable":true,"href":"https:\/\/elpueblonoticia.com.ar\/web\/wp-json\/wp\/v2\/media\/8951"}],"wp:attachment":[{"href":"https:\/\/elpueblonoticia.com.ar\/web\/wp-json\/wp\/v2\/media?parent=8950"}],"wp:term":[{"taxonomy":"category","embeddable":true,"href":"https:\/\/elpueblonoticia.com.ar\/web\/wp-json\/wp\/v2\/categories?post=8950"},{"taxonomy":"post_tag","embeddable":true,"href":"https:\/\/elpueblonoticia.com.ar\/web\/wp-json\/wp\/v2\/tags?post=8950"}],"curies":[{"name":"wp","href":"https:\/\/api.w.org\/{rel}","templated":true}]}}