{"id":8946,"date":"2026-04-11T20:23:18","date_gmt":"2026-04-11T23:23:18","guid":{"rendered":"https:\/\/elpueblonoticia.com.ar\/web\/?p=8946"},"modified":"2026-04-11T20:23:18","modified_gmt":"2026-04-11T23:23:18","slug":"denuncian-que-dejaron-a-mujeres-sin-trabajo-sin-sueldo-y-les-dieron-un-vale-de-comida","status":"publish","type":"post","link":"https:\/\/elpueblonoticia.com.ar\/web\/2026\/04\/11\/denuncian-que-dejaron-a-mujeres-sin-trabajo-sin-sueldo-y-les-dieron-un-vale-de-comida\/","title":{"rendered":"DENUNCIAN QUE DEJARON A MUJERES SIN TRABAJO, SIN SUELDO Y LES DIERON UN VALE DE COMIDA"},"content":{"rendered":"<p><strong>GUAVIRAV\u00cd<\/strong><\/p>\n<p>Sabado 11 de Abril de 2026<\/p>\n<div class=\"x14z9mp xat24cr x1lziwak x1vvkbs xtlvy1s x126k92a\">\n<div dir=\"auto\">La bronca crece en la localidad correntina tras la denuncia contra la gesti\u00f3n de Tom\u00e1s M\u00e9ndez Ribeiro. Las trabajadoras aseguran que les dijeron que \u201cno hay presupuesto\u201d, que al 11 de abril siguen sin cobrar sus haberes y que el Municipio estar\u00eda pr\u00e1cticamente quebrado. Tambi\u00e9n advierten que podr\u00eda haber hasta 30 despedidos.<\/div>\n<\/div>\n<div class=\"x14z9mp xat24cr x1lziwak x1vvkbs xtlvy1s x126k92a\">\n<div dir=\"auto\">Un verdadero esc\u00e1ndalo sacude por estas horas a Guavirav\u00ed. Un grupo de trabajadoras denunci\u00f3 que fue convocado por el intendente Tom\u00e1s M\u00e9ndez Ribeiro para comunicarles que ya no hab\u00eda presupuesto para sostener sus puestos laborales, dej\u00e1ndolas pr\u00e1cticamente en la calle y en medio de una situaci\u00f3n desesperante.<\/div>\n<\/div>\n<div class=\"x14z9mp xat24cr x1lziwak x1vvkbs xtlvy1s x126k92a\">\n<div dir=\"auto\">La denuncia genera todav\u00eda m\u00e1s indignaci\u00f3n porque las m\u00e1s golpeadas por esta decisi\u00f3n ser\u00edan mujeres trabajadoras, muchas de ellas con familias a cargo y dependiendo de ese ingreso para poder subsistir. Lejos de una soluci\u00f3n de fondo, seg\u00fan relataron las afectadas, la respuesta que recibieron fue un simple \u201cvale de comestible\u201d.<\/div>\n<\/div>\n<div class=\"x14z9mp xat24cr x1lziwak x1vvkbs xtlvy1s x126k92a\">\n<div dir=\"auto\">El documento entregado por el Municipio incluye apenas algunos productos b\u00e1sicos: arroz, un kilo de muslo, fideo, pur\u00e9 de tomate, un kilo de cebolla y un kilo de papa. Para las denunciantes, se trata de una humillaci\u00f3n y de una ayuda m\u00ednima que no reemplaza ni el salario ni la estabilidad que perdieron de un d\u00eda para el otro.<\/div>\n<\/div>\n<div class=\"x14z9mp xat24cr x1lziwak x1vvkbs xtlvy1s x126k92a\">\n<div dir=\"auto\">Pero el cuadro se vuelve todav\u00eda m\u00e1s grave: al d\u00eda de hoy, 11 de abril, las trabajadoras aseguran que a\u00fan no cobraron sus haberes, lo que agrava la angustia y la incertidumbre de familias enteras que no saben c\u00f3mo van a seguir.<\/div>\n<\/div>\n<div class=\"x14z9mp xat24cr x1lziwak x1vvkbs xtlvy1s x126k92a\">\n<div dir=\"auto\">Adem\u00e1s, seg\u00fan sostienen, desde el propio \u00e1mbito municipal se les habr\u00eda transmitido que la comuna se encuentra en una situaci\u00f3n de quiebra econ\u00f3mica. Esa versi\u00f3n encendi\u00f3 todas las alarmas en el pueblo, ya que tambi\u00e9n circula con fuerza que podr\u00eda haber unos 30 trabajadores despedidos en total.<\/div>\n<\/div>\n<div class=\"x14z9mp xat24cr x1lziwak x1vvkbs xtlvy1s x126k92a\">\n<div dir=\"auto\">La noticia cay\u00f3 como una bomba en Guavirav\u00ed y abri\u00f3 una fuerte pol\u00e9mica sobre la administraci\u00f3n de los recursos p\u00fablicos, el trato hacia los empleados y el impacto social de una crisis que golpea de lleno a los sectores m\u00e1s vulnerables.<\/div>\n<\/div>\n<div class=\"x14z9mp xat24cr x1lziwak x1vvkbs xtlvy1s x126k92a\">\n<div dir=\"auto\">Hasta el momento no hubo una explicaci\u00f3n oficial detallada que lleve tranquilidad a la comunidad ni que aclare cu\u00e1ntos trabajadores est\u00e1n en riesgo, cu\u00e1l es la situaci\u00f3n real de las cuentas municipales y qu\u00e9 medidas se tomar\u00e1n para evitar que m\u00e1s familias queden sin sustento.<\/div>\n<\/div>\n<div class=\"x14z9mp xat24cr x1lziwak x1vvkbs xtlvy1s x126k92a\">\n<div dir=\"auto\">Mientras tanto, crece la bronca, el dolor y el reclamo de respuestas en una localidad que hoy vive horas de enorme tensi\u00f3n.<\/div>\n<\/div>\n<div dir=\"auto\"><\/div>\n<div dir=\"auto\">Fuente : <b class=\"html-b xdj266r x14z9mp xat24cr x1lziwak xexx8yu xyri2b x18d9i69 x1c1uobl x1hl2dhg x16tdsg8 x1vvkbs x1s688f\"><span class=\"xt0psk2\"><span class=\"xjp7ctv\"><span class=\"html-span xdj266r x14z9mp xat24cr x1lziwak xexx8yu xyri2b x18d9i69 x1c1uobl x1hl2dhg x16tdsg8 x1vvkbs\"><a class=\"x1i10hfl xjbqb8w x1ejq31n x18oe1m7 x1sy0etr xstzfhl x972fbf x10w94by x1qhh985 x14e42zd x9f619 x1ypdohk xt0psk2 x3ct3a4 xdj266r x14z9mp xat24cr x1lziwak xexx8yu xyri2b x18d9i69 x1c1uobl x16tdsg8 x1hl2dhg xggy1nq x1a2a7pz xkrqix3 x1sur9pj xzsf02u x1s688f\" tabindex=\"0\" role=\"link\" href=\"https:\/\/web.facebook.com\/profile.php?id=100063647136345&amp;__cft__[0]=AZa5tkO83rM1s7j6lRzYlQMt6pKNYbE8J-HNYnPjT85WQEcpe0TK8EfFlCukOXm4poZx4ZNJvZ4tOayL2oHoQZvFmrYyEneqyb95OFba2GpJrjnfjSmT1Sf21SXJYPLx1C2eOHqGxU9A9b0TdDaX61QrgEFsuh2zuz5oHuD2gi5laP8EivHxc8vIXlg4z3uRwIDmwYQnmK3lmfmfUWdtMswz20anhCc54yZkAD4_HxRP2w&amp;__tn__=-]C%2CP-y-R\">Impacto Corrientes<\/a><\/span><\/span><\/span><\/b><\/div>\n<div dir=\"auto\"><\/div>\n<div class=\"x14z9mp xat24cr x1lziwak x1vvkbs xtlvy1s x126k92a\">\n<div dir=\"auto\"><img loading=\"lazy\" decoding=\"async\" class=\"alignnone size-medium wp-image-8947\" src=\"https:\/\/elpueblonoticia.com.ar\/web\/wp-content\/uploads\/2026\/04\/670110003_1578312537633636_4908906944199685825_n-287x300.jpg\" alt=\"\" width=\"287\" height=\"300\" srcset=\"https:\/\/elpueblonoticia.com.ar\/web\/wp-content\/uploads\/2026\/04\/670110003_1578312537633636_4908906944199685825_n-287x300.jpg 287w, https:\/\/elpueblonoticia.com.ar\/web\/wp-content\/uploads\/2026\/04\/670110003_1578312537633636_4908906944199685825_n-979x1024.jpg 979w, https:\/\/elpueblonoticia.com.ar\/web\/wp-content\/uploads\/2026\/04\/670110003_1578312537633636_4908906944199685825_n-768x804.jpg 768w, https:\/\/elpueblonoticia.com.ar\/web\/wp-content\/uploads\/2026\/04\/670110003_1578312537633636_4908906944199685825_n-401x420.jpg 401w, https:\/\/elpueblonoticia.com.ar\/web\/wp-content\/uploads\/2026\/04\/670110003_1578312537633636_4908906944199685825_n-696x728.jpg 696w, https:\/\/elpueblonoticia.com.ar\/web\/wp-content\/uploads\/2026\/04\/670110003_1578312537633636_4908906944199685825_n-1068x1118.jpg 1068w, https:\/\/elpueblonoticia.com.ar\/web\/wp-content\/uploads\/2026\/04\/670110003_1578312537633636_4908906944199685825_n.jpg 1226w\" sizes=\"auto, (max-width: 287px) 100vw, 287px\" \/><\/div>\n<\/div>\n","protected":false},"excerpt":{"rendered":"<p>GUAVIRAV\u00cd Sabado 11 de Abril de 2026 La bronca crece en la localidad correntina tras la denuncia contra la gesti\u00f3n de Tom\u00e1s M\u00e9ndez Ribeiro. Las trabajadoras aseguran que les dijeron que \u201cno hay presupuesto\u201d, que al 11 de abril siguen sin cobrar sus haberes y que el Municipio estar\u00eda pr\u00e1cticamente quebrado. Tambi\u00e9n advierten que podr\u00eda [&hellip;]<\/p>\n","protected":false},"author":2,"featured_media":8948,"comment_status":"open","ping_status":"open","sticky":false,"template":"","format":"standard","meta":{"footnotes":""},"categories":[72],"tags":[],"class_list":{"0":"post-8946","1":"post","2":"type-post","3":"status-publish","4":"format-standard","5":"has-post-thumbnail","7":"category-provinciales"},"_links":{"self":[{"href":"https:\/\/elpueblonoticia.com.ar\/web\/wp-json\/wp\/v2\/posts\/8946","targetHints":{"allow":["GET"]}}],"collection":[{"href":"https:\/\/elpueblonoticia.com.ar\/web\/wp-json\/wp\/v2\/posts"}],"about":[{"href":"https:\/\/elpueblonoticia.com.ar\/web\/wp-json\/wp\/v2\/types\/post"}],"author":[{"embeddable":true,"href":"https:\/\/elpueblonoticia.com.ar\/web\/wp-json\/wp\/v2\/users\/2"}],"replies":[{"embeddable":true,"href":"https:\/\/elpueblonoticia.com.ar\/web\/wp-json\/wp\/v2\/comments?post=8946"}],"version-history":[{"count":1,"href":"https:\/\/elpueblonoticia.com.ar\/web\/wp-json\/wp\/v2\/posts\/8946\/revisions"}],"predecessor-version":[{"id":8949,"href":"https:\/\/elpueblonoticia.com.ar\/web\/wp-json\/wp\/v2\/posts\/8946\/revisions\/8949"}],"wp:featuredmedia":[{"embeddable":true,"href":"https:\/\/elpueblonoticia.com.ar\/web\/wp-json\/wp\/v2\/media\/8948"}],"wp:attachment":[{"href":"https:\/\/elpueblonoticia.com.ar\/web\/wp-json\/wp\/v2\/media?parent=8946"}],"wp:term":[{"taxonomy":"category","embeddable":true,"href":"https:\/\/elpueblonoticia.com.ar\/web\/wp-json\/wp\/v2\/categories?post=8946"},{"taxonomy":"post_tag","embeddable":true,"href":"https:\/\/elpueblonoticia.com.ar\/web\/wp-json\/wp\/v2\/tags?post=8946"}],"curies":[{"name":"wp","href":"https:\/\/api.w.org\/{rel}","templated":true}]}}