{"id":8943,"date":"2026-04-11T20:08:32","date_gmt":"2026-04-11T23:08:32","guid":{"rendered":"https:\/\/elpueblonoticia.com.ar\/web\/?p=8943"},"modified":"2026-04-11T20:08:32","modified_gmt":"2026-04-11T23:08:32","slug":"todos-por-luana-cadena-de-oracion-por-la-pequena-librena-que-lucha-por-su-vida","status":"publish","type":"post","link":"https:\/\/elpueblonoticia.com.ar\/web\/2026\/04\/11\/todos-por-luana-cadena-de-oracion-por-la-pequena-librena-que-lucha-por-su-vida\/","title":{"rendered":"TODOS POR LUANA: CADENA DE ORACI\u00d3N POR LA PEQUE\u00d1A LIBRE\u00d1A QUE LUCHA POR SU VIDA"},"content":{"rendered":"<p><strong>Llamado a la solidaridad<\/strong><\/p>\n<p>Sabado 11 de Abril de 2026<\/p>\n<div class=\"x14z9mp xat24cr x1lziwak x1vvkbs xtlvy1s x126k92a\">\n<div dir=\"auto\">Paso de los Libres se une en un solo sentimiento para acompa\u00f1ar a Luana Alejandra Toledo, quien atraviesa un momento cr\u00edtico en su salud. Lo que comenz\u00f3 como un cuadro de Dengue en nuestra ciudad, lamentablemente deriv\u00f3 en complicaciones mucho m\u00e1s profundas que obligaron a su traslado urgente a Corrientes capital, donde hoy pelea minuto a minuto.<\/div>\n<\/div>\n<div class=\"x14z9mp xat24cr x1lziwak x1vvkbs xtlvy1s x126k92a\">\n<div dir=\"auto\">Actualmente, el panorama es complejo. Al diagn\u00f3stico inicial se le sumaron cuadros de Polimiositis y Lupus, enfermedades que han debilitado severamente su organismo y mantienen a los m\u00e9dicos en alerta m\u00e1xima. Su estado es delicado y el parte cl\u00ednico de las \u00faltimas horas indica que la situaci\u00f3n se ha tornado a\u00fan m\u00e1s preocupante para su familia y seres queridos.<\/div>\n<\/div>\n<div class=\"x14z9mp xat24cr x1lziwak x1vvkbs xtlvy1s x126k92a\">\n<div dir=\"auto\">M\u00e1s all\u00e1 de las creencias o posturas religiosas de cada uno, hoy el llamado es a la unidad y a la fe colectiva. Invitamos a toda la comunidad a unirse en una cadena de oraci\u00f3n, a elevar un pensamiento positivo o simplemente a acompa\u00f1ar desde el coraz\u00f3n a Luana en esta batalla. La fuerza de una ciudad entera empujando por su recuperaci\u00f3n es necesaria ahora m\u00e1s que nunca.<\/div>\n<\/div>\n<div class=\"x14z9mp xat24cr x1lziwak x1vvkbs xtlvy1s x126k92a\">\n<div dir=\"auto\">Fuerza Luana, toda tu ciudad te espera de regreso.<\/div>\n<\/div>\n","protected":false},"excerpt":{"rendered":"<p>Llamado a la solidaridad Sabado 11 de Abril de 2026 Paso de los Libres se une en un solo sentimiento para acompa\u00f1ar a Luana Alejandra Toledo, quien atraviesa un momento cr\u00edtico en su salud. Lo que comenz\u00f3 como un cuadro de Dengue en nuestra ciudad, lamentablemente deriv\u00f3 en complicaciones mucho m\u00e1s profundas que obligaron a [&hellip;]<\/p>\n","protected":false},"author":2,"featured_media":8944,"comment_status":"open","ping_status":"open","sticky":false,"template":"","format":"standard","meta":{"footnotes":""},"categories":[77],"tags":[],"class_list":{"0":"post-8943","1":"post","2":"type-post","3":"status-publish","4":"format-standard","5":"has-post-thumbnail","7":"category-paso-de-los-libres"},"_links":{"self":[{"href":"https:\/\/elpueblonoticia.com.ar\/web\/wp-json\/wp\/v2\/posts\/8943","targetHints":{"allow":["GET"]}}],"collection":[{"href":"https:\/\/elpueblonoticia.com.ar\/web\/wp-json\/wp\/v2\/posts"}],"about":[{"href":"https:\/\/elpueblonoticia.com.ar\/web\/wp-json\/wp\/v2\/types\/post"}],"author":[{"embeddable":true,"href":"https:\/\/elpueblonoticia.com.ar\/web\/wp-json\/wp\/v2\/users\/2"}],"replies":[{"embeddable":true,"href":"https:\/\/elpueblonoticia.com.ar\/web\/wp-json\/wp\/v2\/comments?post=8943"}],"version-history":[{"count":1,"href":"https:\/\/elpueblonoticia.com.ar\/web\/wp-json\/wp\/v2\/posts\/8943\/revisions"}],"predecessor-version":[{"id":8945,"href":"https:\/\/elpueblonoticia.com.ar\/web\/wp-json\/wp\/v2\/posts\/8943\/revisions\/8945"}],"wp:featuredmedia":[{"embeddable":true,"href":"https:\/\/elpueblonoticia.com.ar\/web\/wp-json\/wp\/v2\/media\/8944"}],"wp:attachment":[{"href":"https:\/\/elpueblonoticia.com.ar\/web\/wp-json\/wp\/v2\/media?parent=8943"}],"wp:term":[{"taxonomy":"category","embeddable":true,"href":"https:\/\/elpueblonoticia.com.ar\/web\/wp-json\/wp\/v2\/categories?post=8943"},{"taxonomy":"post_tag","embeddable":true,"href":"https:\/\/elpueblonoticia.com.ar\/web\/wp-json\/wp\/v2\/tags?post=8943"}],"curies":[{"name":"wp","href":"https:\/\/api.w.org\/{rel}","templated":true}]}}