{"id":8940,"date":"2026-04-11T19:49:48","date_gmt":"2026-04-11T22:49:48","guid":{"rendered":"https:\/\/elpueblonoticia.com.ar\/web\/?p=8940"},"modified":"2026-04-11T19:49:48","modified_gmt":"2026-04-11T22:49:48","slug":"crece-el-malestar-de-docentes-correntinos-protestas-en-toda-la-provincia","status":"publish","type":"post","link":"https:\/\/elpueblonoticia.com.ar\/web\/2026\/04\/11\/crece-el-malestar-de-docentes-correntinos-protestas-en-toda-la-provincia\/","title":{"rendered":"Crece el malestar de docentes correntinos: protestas en toda la provincia"},"content":{"rendered":"<p><strong>Educacion<\/strong><\/p>\n<p>Sabado 11 de Abril de 2026<\/p>\n<p>Con bocinazos, caravanas y marchas, reclaman salarios dignos, mejoras en IOSCOR y el pase de incentivos al b\u00e1sico. El gobernador Vald\u00e9s no descarta un adelanto de aumento.<\/p>\n<p>Con una temperatura de 22\u00b0C, el conflicto docente en Corrientes suma tensi\u00f3n. Mientras maestros de capital y del interior se movilizan con bocinazos, caravanas y marchas a pie, crece el malestar con la Ministra de Educaci\u00f3n provincial y varios sectores ya piden su renuncia.<\/p>\n<p>Los reclamos apuntan a salarios dignos, la situaci\u00f3n del IOSCOR, el pase de los incentivos al b\u00e1sico y el fin del plus. \u201cNos mand\u00f3 un mensaje por su Facebook diciendo que nos iban a devolver lo descontado. No nos convoc\u00f3 al di\u00e1logo, no dialoga con nosotros, no sabemos qu\u00e9 piensa, as\u00ed no nos sirve\u201d, afirmaron docentes durante las marchas. Tambi\u00e9n denunciaron despidos en el Instituto de Formaci\u00f3n Docente: \u201cAhora despiden a colegas. La situaci\u00f3n no da para m\u00e1s\u201d.<\/p>\n<p>El viernes pasado, gremios docentes junto a ATSA, el gremio de la salud, presentaron un petitorio de audiencia al gobernador Juan Pablo Vald\u00e9s. Mientras el clima social se agrava en l\u00ednea con la situaci\u00f3n del pa\u00eds, el mandatario no descarta adelantar un peque\u00f1o aumento para la administraci\u00f3n p\u00fablica y jubilados, como hab\u00eda adelantado el legislador radical Noel Breard.<\/p>\n<p>El descontento con la titular de la cartera educativa escala: \u201cSi se pas\u00f3 varias veces de partido pol\u00edtico, te imagin\u00e1s las convicciones que tiene para defendernos y plantear nuestras necesidades al gobernador\u201d, sentenciaron docentes en las protestas.<\/p>\n<p>Las movilizaciones continuar\u00e1n durante la semana y el sector anticip\u00f3 que insistir\u00e1 con el pedido de renuncia de la Ministra, lo que suma m\u00e1s incertidumbre al escenario provincial.<\/p>\n","protected":false},"excerpt":{"rendered":"<p>Educacion Sabado 11 de Abril de 2026 Con bocinazos, caravanas y marchas, reclaman salarios dignos, mejoras en IOSCOR y el pase de incentivos al b\u00e1sico. El gobernador Vald\u00e9s no descarta un adelanto de aumento. Con una temperatura de 22\u00b0C, el conflicto docente en Corrientes suma tensi\u00f3n. Mientras maestros de capital y del interior se movilizan [&hellip;]<\/p>\n","protected":false},"author":2,"featured_media":8941,"comment_status":"open","ping_status":"open","sticky":false,"template":"","format":"standard","meta":{"footnotes":""},"categories":[72],"tags":[],"class_list":{"0":"post-8940","1":"post","2":"type-post","3":"status-publish","4":"format-standard","5":"has-post-thumbnail","7":"category-provinciales"},"_links":{"self":[{"href":"https:\/\/elpueblonoticia.com.ar\/web\/wp-json\/wp\/v2\/posts\/8940","targetHints":{"allow":["GET"]}}],"collection":[{"href":"https:\/\/elpueblonoticia.com.ar\/web\/wp-json\/wp\/v2\/posts"}],"about":[{"href":"https:\/\/elpueblonoticia.com.ar\/web\/wp-json\/wp\/v2\/types\/post"}],"author":[{"embeddable":true,"href":"https:\/\/elpueblonoticia.com.ar\/web\/wp-json\/wp\/v2\/users\/2"}],"replies":[{"embeddable":true,"href":"https:\/\/elpueblonoticia.com.ar\/web\/wp-json\/wp\/v2\/comments?post=8940"}],"version-history":[{"count":1,"href":"https:\/\/elpueblonoticia.com.ar\/web\/wp-json\/wp\/v2\/posts\/8940\/revisions"}],"predecessor-version":[{"id":8942,"href":"https:\/\/elpueblonoticia.com.ar\/web\/wp-json\/wp\/v2\/posts\/8940\/revisions\/8942"}],"wp:featuredmedia":[{"embeddable":true,"href":"https:\/\/elpueblonoticia.com.ar\/web\/wp-json\/wp\/v2\/media\/8941"}],"wp:attachment":[{"href":"https:\/\/elpueblonoticia.com.ar\/web\/wp-json\/wp\/v2\/media?parent=8940"}],"wp:term":[{"taxonomy":"category","embeddable":true,"href":"https:\/\/elpueblonoticia.com.ar\/web\/wp-json\/wp\/v2\/categories?post=8940"},{"taxonomy":"post_tag","embeddable":true,"href":"https:\/\/elpueblonoticia.com.ar\/web\/wp-json\/wp\/v2\/tags?post=8940"}],"curies":[{"name":"wp","href":"https:\/\/api.w.org\/{rel}","templated":true}]}}