{"id":8936,"date":"2026-04-11T14:00:54","date_gmt":"2026-04-11T17:00:54","guid":{"rendered":"https:\/\/elpueblonoticia.com.ar\/web\/?p=8936"},"modified":"2026-04-11T14:00:54","modified_gmt":"2026-04-11T17:00:54","slug":"casi-50-puntos-de-sutura-denuncian-brutal-agresion-de-un-adulto-a-un-nino-en-mercedes","status":"publish","type":"post","link":"https:\/\/elpueblonoticia.com.ar\/web\/2026\/04\/11\/casi-50-puntos-de-sutura-denuncian-brutal-agresion-de-un-adulto-a-un-nino-en-mercedes\/","title":{"rendered":"Casi 50 puntos de sutura&#8221;: denuncian brutal agresi\u00f3n de un adulto a un ni\u00f1o en Mercedes"},"content":{"rendered":"<p><strong>Policiales<\/strong><\/p>\n<p>Sabado 11 de Abril de 2026<\/p>\n<p>Una grave denuncia por agresi\u00f3n a un menor de edad conmociona al interior de Corrientes. El abogado mercede\u00f1o Andr\u00e9s Antonio Gauna public\u00f3 en sus redes sociales las im\u00e1genes de las lesiones sufridas por un ni\u00f1o, quien debi\u00f3 ser sometido a una delicada intervenci\u00f3n quir\u00fargica.<\/p>\n<p>&#8220;\u00a1Qu\u00e9 terrible agresi\u00f3n de un adulto sobre un ni\u00f1o! Pocas veces vi cosas semejantes, casi 50 puntos de sutura, \u00a1iremos tras los culpables!&#8221;, expres\u00f3 el profesional del Derecho al dar a conocer el caso.<\/p>\n<p>Seg\u00fan indic\u00f3 Gauna, el menor tuvo que ser intervenido de urgencia debido a la gravedad de las heridas provocadas por la golpiza.<\/p>\n<p>Hasta el momento no trascendieron detalles sobre la identidad del agresor ni las circunstancias en que ocurri\u00f3 el hecho. La causa se encuentra en desarrollo y se aguardan actuaciones judiciales.<\/p>\n<p>El caso gener\u00f3 fuerte repudio en la comunidad y reabre el debate sobre la protecci\u00f3n de los derechos de ni\u00f1os y adolescentes en la provincia.<\/p>\n<p>En desarrollo.<\/p>\n<p><img loading=\"lazy\" decoding=\"async\" class=\"alignnone size-medium wp-image-8937\" src=\"https:\/\/elpueblonoticia.com.ar\/web\/wp-content\/uploads\/2026\/04\/669138485_945942478316121_5066357677598982622_n-221x300.jpg\" alt=\"\" width=\"221\" height=\"300\" srcset=\"https:\/\/elpueblonoticia.com.ar\/web\/wp-content\/uploads\/2026\/04\/669138485_945942478316121_5066357677598982622_n-221x300.jpg 221w, https:\/\/elpueblonoticia.com.ar\/web\/wp-content\/uploads\/2026\/04\/669138485_945942478316121_5066357677598982622_n-310x420.jpg 310w, https:\/\/elpueblonoticia.com.ar\/web\/wp-content\/uploads\/2026\/04\/669138485_945942478316121_5066357677598982622_n-696x944.jpg 696w, https:\/\/elpueblonoticia.com.ar\/web\/wp-content\/uploads\/2026\/04\/669138485_945942478316121_5066357677598982622_n.jpg 708w\" sizes=\"auto, (max-width: 221px) 100vw, 221px\" \/><\/p>\n<p>&nbsp;<\/p>\n","protected":false},"excerpt":{"rendered":"<p>Policiales Sabado 11 de Abril de 2026 Una grave denuncia por agresi\u00f3n a un menor de edad conmociona al interior de Corrientes. El abogado mercede\u00f1o Andr\u00e9s Antonio Gauna public\u00f3 en sus redes sociales las im\u00e1genes de las lesiones sufridas por un ni\u00f1o, quien debi\u00f3 ser sometido a una delicada intervenci\u00f3n quir\u00fargica. &#8220;\u00a1Qu\u00e9 terrible agresi\u00f3n de [&hellip;]<\/p>\n","protected":false},"author":2,"featured_media":8938,"comment_status":"open","ping_status":"open","sticky":false,"template":"","format":"standard","meta":{"footnotes":""},"categories":[68],"tags":[],"class_list":{"0":"post-8936","1":"post","2":"type-post","3":"status-publish","4":"format-standard","5":"has-post-thumbnail","7":"category-policiales-nacionales"},"_links":{"self":[{"href":"https:\/\/elpueblonoticia.com.ar\/web\/wp-json\/wp\/v2\/posts\/8936","targetHints":{"allow":["GET"]}}],"collection":[{"href":"https:\/\/elpueblonoticia.com.ar\/web\/wp-json\/wp\/v2\/posts"}],"about":[{"href":"https:\/\/elpueblonoticia.com.ar\/web\/wp-json\/wp\/v2\/types\/post"}],"author":[{"embeddable":true,"href":"https:\/\/elpueblonoticia.com.ar\/web\/wp-json\/wp\/v2\/users\/2"}],"replies":[{"embeddable":true,"href":"https:\/\/elpueblonoticia.com.ar\/web\/wp-json\/wp\/v2\/comments?post=8936"}],"version-history":[{"count":1,"href":"https:\/\/elpueblonoticia.com.ar\/web\/wp-json\/wp\/v2\/posts\/8936\/revisions"}],"predecessor-version":[{"id":8939,"href":"https:\/\/elpueblonoticia.com.ar\/web\/wp-json\/wp\/v2\/posts\/8936\/revisions\/8939"}],"wp:featuredmedia":[{"embeddable":true,"href":"https:\/\/elpueblonoticia.com.ar\/web\/wp-json\/wp\/v2\/media\/8938"}],"wp:attachment":[{"href":"https:\/\/elpueblonoticia.com.ar\/web\/wp-json\/wp\/v2\/media?parent=8936"}],"wp:term":[{"taxonomy":"category","embeddable":true,"href":"https:\/\/elpueblonoticia.com.ar\/web\/wp-json\/wp\/v2\/categories?post=8936"},{"taxonomy":"post_tag","embeddable":true,"href":"https:\/\/elpueblonoticia.com.ar\/web\/wp-json\/wp\/v2\/tags?post=8936"}],"curies":[{"name":"wp","href":"https:\/\/api.w.org\/{rel}","templated":true}]}}