{"id":8930,"date":"2026-04-11T11:41:34","date_gmt":"2026-04-11T14:41:34","guid":{"rendered":"https:\/\/elpueblonoticia.com.ar\/web\/?p=8930"},"modified":"2026-04-11T11:41:34","modified_gmt":"2026-04-11T14:41:34","slug":"el-gremio-upcn-eligio-sus-representantes-en-goya","status":"publish","type":"post","link":"https:\/\/elpueblonoticia.com.ar\/web\/2026\/04\/11\/el-gremio-upcn-eligio-sus-representantes-en-goya\/","title":{"rendered":"El Gremio UPCN eligi\u00f3 sus representantes en Goya"},"content":{"rendered":"<p>En una jornada democr\u00e1tica y con una destacada participaci\u00f3n de los afiliados, se<br \/>\nllevaron a cabo las elecciones del gremio UPCN en la Municipalidad de Goya,<br \/>\ndonde fueron electos como delegados:<br \/>\n\u2022Guzman Juan Jos\u00e9<br \/>\n\u2022 Gonz\u00e1lez Noelia<br \/>\n\u2022 Ortiz Paola<br \/>\nLa elecci\u00f3n se desarroll\u00f3 con total normalidad, reflejando el compromiso y la<br \/>\nparticipaci\u00f3n activa de los trabajadores en la defensa de sus derechos y el<br \/>\nfortalecimiento de la organizaci\u00f3n gremial.<\/p>\n<p><img loading=\"lazy\" decoding=\"async\" class=\"alignnone size-medium wp-image-8932\" src=\"https:\/\/elpueblonoticia.com.ar\/web\/wp-content\/uploads\/2026\/04\/UPCN-2-169x300.jpg\" alt=\"\" width=\"169\" height=\"300\" srcset=\"https:\/\/elpueblonoticia.com.ar\/web\/wp-content\/uploads\/2026\/04\/UPCN-2-169x300.jpg 169w, https:\/\/elpueblonoticia.com.ar\/web\/wp-content\/uploads\/2026\/04\/UPCN-2-576x1024.jpg 576w, https:\/\/elpueblonoticia.com.ar\/web\/wp-content\/uploads\/2026\/04\/UPCN-2-768x1365.jpg 768w, https:\/\/elpueblonoticia.com.ar\/web\/wp-content\/uploads\/2026\/04\/UPCN-2-864x1536.jpg 864w, https:\/\/elpueblonoticia.com.ar\/web\/wp-content\/uploads\/2026\/04\/UPCN-2-236x420.jpg 236w, https:\/\/elpueblonoticia.com.ar\/web\/wp-content\/uploads\/2026\/04\/UPCN-2-696x1237.jpg 696w, https:\/\/elpueblonoticia.com.ar\/web\/wp-content\/uploads\/2026\/04\/UPCN-2.jpg 900w\" sizes=\"auto, (max-width: 169px) 100vw, 169px\" \/><\/p>\n<p>Estos espacios democr\u00e1ticos son fundamentales para escuchar las necesidades<br \/>\nde los afiliados y continuar trabajando de manera conjunta por mejores<br \/>\ncondiciones laborales.<\/p>\n<p><img loading=\"lazy\" decoding=\"async\" class=\"alignnone size-medium wp-image-8933\" src=\"https:\/\/elpueblonoticia.com.ar\/web\/wp-content\/uploads\/2026\/04\/UPCN-3-169x300.jpg\" alt=\"\" width=\"169\" height=\"300\" srcset=\"https:\/\/elpueblonoticia.com.ar\/web\/wp-content\/uploads\/2026\/04\/UPCN-3-169x300.jpg 169w, https:\/\/elpueblonoticia.com.ar\/web\/wp-content\/uploads\/2026\/04\/UPCN-3-576x1024.jpg 576w, https:\/\/elpueblonoticia.com.ar\/web\/wp-content\/uploads\/2026\/04\/UPCN-3-768x1365.jpg 768w, https:\/\/elpueblonoticia.com.ar\/web\/wp-content\/uploads\/2026\/04\/UPCN-3-864x1536.jpg 864w, https:\/\/elpueblonoticia.com.ar\/web\/wp-content\/uploads\/2026\/04\/UPCN-3-236x420.jpg 236w, https:\/\/elpueblonoticia.com.ar\/web\/wp-content\/uploads\/2026\/04\/UPCN-3-696x1237.jpg 696w, https:\/\/elpueblonoticia.com.ar\/web\/wp-content\/uploads\/2026\/04\/UPCN-3.jpg 900w\" sizes=\"auto, (max-width: 169px) 100vw, 169px\" \/><br \/>\nLos delegados electos asumir\u00e1n el compromiso de representar a sus compa\u00f1eros,<br \/>\ncanalizar inquietudes y trabajar en beneficio de todos los trabajadores en el \u00e1mbito<br \/>\ndel Municipio de Goya.<br \/>\nEste acto electoral se dio en el marco de las elecciones generales para la<br \/>\nrenovaci\u00f3n total de autoridades del Consejo Directivo Nacional, donde la<br \/>\nSecretaria General de la Seccional Corrientes, Beatriz Tabossi, tiene el orgullo y la<br \/>\nresponsabilidad de integrar la Comisi\u00f3n Directiva.<\/p>\n<p><img loading=\"lazy\" decoding=\"async\" class=\"alignnone size-medium wp-image-8934\" src=\"https:\/\/elpueblonoticia.com.ar\/web\/wp-content\/uploads\/2026\/04\/UPCN-4-169x300.jpg\" alt=\"\" width=\"169\" height=\"300\" srcset=\"https:\/\/elpueblonoticia.com.ar\/web\/wp-content\/uploads\/2026\/04\/UPCN-4-169x300.jpg 169w, https:\/\/elpueblonoticia.com.ar\/web\/wp-content\/uploads\/2026\/04\/UPCN-4-576x1024.jpg 576w, https:\/\/elpueblonoticia.com.ar\/web\/wp-content\/uploads\/2026\/04\/UPCN-4-768x1365.jpg 768w, https:\/\/elpueblonoticia.com.ar\/web\/wp-content\/uploads\/2026\/04\/UPCN-4-864x1536.jpg 864w, https:\/\/elpueblonoticia.com.ar\/web\/wp-content\/uploads\/2026\/04\/UPCN-4-236x420.jpg 236w, https:\/\/elpueblonoticia.com.ar\/web\/wp-content\/uploads\/2026\/04\/UPCN-4-696x1237.jpg 696w, https:\/\/elpueblonoticia.com.ar\/web\/wp-content\/uploads\/2026\/04\/UPCN-4.jpg 900w\" sizes=\"auto, (max-width: 169px) 100vw, 169px\" \/><\/p>\n","protected":false},"excerpt":{"rendered":"<p>En una jornada democr\u00e1tica y con una destacada participaci\u00f3n de los afiliados, se llevaron a cabo las elecciones del gremio UPCN en la Municipalidad de Goya, donde fueron electos como delegados: \u2022Guzman Juan Jos\u00e9 \u2022 Gonz\u00e1lez Noelia \u2022 Ortiz Paola La elecci\u00f3n se desarroll\u00f3 con total normalidad, reflejando el compromiso y la participaci\u00f3n activa de [&hellip;]<\/p>\n","protected":false},"author":2,"featured_media":8931,"comment_status":"open","ping_status":"open","sticky":false,"template":"","format":"standard","meta":{"footnotes":""},"categories":[56],"tags":[],"class_list":{"0":"post-8930","1":"post","2":"type-post","3":"status-publish","4":"format-standard","5":"has-post-thumbnail","7":"category-locales"},"_links":{"self":[{"href":"https:\/\/elpueblonoticia.com.ar\/web\/wp-json\/wp\/v2\/posts\/8930","targetHints":{"allow":["GET"]}}],"collection":[{"href":"https:\/\/elpueblonoticia.com.ar\/web\/wp-json\/wp\/v2\/posts"}],"about":[{"href":"https:\/\/elpueblonoticia.com.ar\/web\/wp-json\/wp\/v2\/types\/post"}],"author":[{"embeddable":true,"href":"https:\/\/elpueblonoticia.com.ar\/web\/wp-json\/wp\/v2\/users\/2"}],"replies":[{"embeddable":true,"href":"https:\/\/elpueblonoticia.com.ar\/web\/wp-json\/wp\/v2\/comments?post=8930"}],"version-history":[{"count":1,"href":"https:\/\/elpueblonoticia.com.ar\/web\/wp-json\/wp\/v2\/posts\/8930\/revisions"}],"predecessor-version":[{"id":8935,"href":"https:\/\/elpueblonoticia.com.ar\/web\/wp-json\/wp\/v2\/posts\/8930\/revisions\/8935"}],"wp:featuredmedia":[{"embeddable":true,"href":"https:\/\/elpueblonoticia.com.ar\/web\/wp-json\/wp\/v2\/media\/8931"}],"wp:attachment":[{"href":"https:\/\/elpueblonoticia.com.ar\/web\/wp-json\/wp\/v2\/media?parent=8930"}],"wp:term":[{"taxonomy":"category","embeddable":true,"href":"https:\/\/elpueblonoticia.com.ar\/web\/wp-json\/wp\/v2\/categories?post=8930"},{"taxonomy":"post_tag","embeddable":true,"href":"https:\/\/elpueblonoticia.com.ar\/web\/wp-json\/wp\/v2\/tags?post=8930"}],"curies":[{"name":"wp","href":"https:\/\/api.w.org\/{rel}","templated":true}]}}