{"id":8923,"date":"2026-04-10T11:24:36","date_gmt":"2026-04-10T14:24:36","guid":{"rendered":"https:\/\/elpueblonoticia.com.ar\/web\/?p=8923"},"modified":"2026-04-10T11:26:20","modified_gmt":"2026-04-10T14:26:20","slug":"vocero-o-barrera-el-inedito-cargo-municipal-que-incomunica","status":"publish","type":"post","link":"https:\/\/elpueblonoticia.com.ar\/web\/2026\/04\/10\/vocero-o-barrera-el-inedito-cargo-municipal-que-incomunica\/","title":{"rendered":"\u00bfVocero o Barrera? El In\u00e9dito Cargo Municipal que Incomunic\u00e1"},"content":{"rendered":"<p><strong>Actualidad<\/strong><\/p>\n<p>Viernes 10 de Abril de 2026<\/p>\n<p><strong>Editorial por<\/strong> : <em><strong>Rol\u00f3n Javier Adri\u00e1n <\/strong><\/em><\/p>\n<div class=\"x14z9mp xat24cr x1lziwak x1vvkbs xtlvy1s x126k92a\">\n<div dir=\"auto\">Editorial por : Rol\u00f3n Javier Adri\u00e1n<\/div>\n<\/div>\n<div class=\"x14z9mp xat24cr x1lziwak x1vvkbs xtlvy1s x126k92a\">\n<div dir=\"auto\">Paso de los Libres es protagonista de un caso in\u00e9dito en la Rep\u00fablica Argentina: la designaci\u00f3n de un &#8220;vocero municipal&#8221; en la figura del profe Tarabini. Si bien la modernizaci\u00f3n de la comunicaci\u00f3n institucional puede ser bienvenida, la creaci\u00f3n de este cargo abre un interrogante clave: \u00bfest\u00e1 pensado para acercar el municipio al vecino o para alejarlo?<\/div>\n<div dir=\"auto\"><\/div>\n<\/div>\n<div class=\"x14z9mp xat24cr x1lziwak x1vvkbs xtlvy1s x126k92a\">\n<div dir=\"auto\">La funci\u00f3n de un vocero, por definici\u00f3n, es facilitar el di\u00e1logo, transmitir informaci\u00f3n oficial y ser nexo entre la gesti\u00f3n y la comunidad. Sin embargo, en los hechos, la experiencia de los libre\u00f1os parece ir en sentido contrario. Crecen las quejas de vecinos que intentan plantear reclamos o inquietudes y se topan con un muro de silencio. El testimonio que circula es elocuente: madres que necesitan respuestas deben peregrinar hasta la municipalidad, solo para que les digan que &#8220;est\u00e1 ocupado&#8221;. Y lo m\u00e1s grave: la sensaci\u00f3n instalada de que a algunos s\u00ed los recibe y a otros &#8220;los esconden&#8221;.<\/div>\n<div dir=\"auto\"><\/div>\n<\/div>\n<div class=\"x14z9mp xat24cr x1lziwak x1vvkbs xtlvy1s x126k92a\">\n<div dir=\"auto\">Si el vocero no atiende al vecino, entonces deja de ser un puente para convertirse en un filtro. Y un filtro discrecional atenta contra el principio b\u00e1sico de igualdad ante el Estado. Tener un cargo novedoso no alcanza. Lo que legitima a una figura p\u00fablica es la accesibilidad, la transparencia y la capacidad de respuesta.<\/div>\n<div dir=\"auto\"><\/div>\n<\/div>\n<div class=\"x14z9mp xat24cr x1lziwak x1vvkbs xtlvy1s x126k92a\">\n<div dir=\"auto\">La comunicaci\u00f3n municipal no puede ser un privilegio para unos pocos. Si el municipio decidi\u00f3 innovar creando una vocer\u00eda, debe garantizar que funcione como canal abierto, no como oficina cerrada. Caso contrario, lo que parec\u00eda un avance institucional termina siendo un retroceso en participaci\u00f3n ciudadana.<\/div>\n<div dir=\"auto\"><\/div>\n<\/div>\n<div class=\"x14z9mp xat24cr x1lziwak x1vvkbs xtlvy1s x126k92a\">\n<div dir=\"auto\">Urge que el Ejecutivo Municipal aclare el rol, las funciones y, sobre todo, los mecanismos de contacto con el profe Tarabini. Porque un vocero que no escucha, no comunica. Solo silencia. Y en democracia, el silencio oficial nunca es buena se\u00f1al.<\/div>\n<div dir=\"auto\"><img loading=\"lazy\" decoding=\"async\" class=\"alignnone size-medium wp-image-8924\" src=\"https:\/\/elpueblonoticia.com.ar\/web\/wp-content\/uploads\/2026\/04\/669650779_1562796449190962_323264410125275766_n-145x300.jpg\" alt=\"\" width=\"145\" height=\"300\" srcset=\"https:\/\/elpueblonoticia.com.ar\/web\/wp-content\/uploads\/2026\/04\/669650779_1562796449190962_323264410125275766_n-145x300.jpg 145w, https:\/\/elpueblonoticia.com.ar\/web\/wp-content\/uploads\/2026\/04\/669650779_1562796449190962_323264410125275766_n-496x1024.jpg 496w, https:\/\/elpueblonoticia.com.ar\/web\/wp-content\/uploads\/2026\/04\/669650779_1562796449190962_323264410125275766_n-204x420.jpg 204w, https:\/\/elpueblonoticia.com.ar\/web\/wp-content\/uploads\/2026\/04\/669650779_1562796449190962_323264410125275766_n-696x1436.jpg 696w, https:\/\/elpueblonoticia.com.ar\/web\/wp-content\/uploads\/2026\/04\/669650779_1562796449190962_323264410125275766_n.jpg 720w\" sizes=\"auto, (max-width: 145px) 100vw, 145px\" \/><\/div>\n<div dir=\"auto\"><\/div>\n<\/div>\n","protected":false},"excerpt":{"rendered":"<p>Actualidad Viernes 10 de Abril de 2026 Editorial por : Rol\u00f3n Javier Adri\u00e1n Editorial por : Rol\u00f3n Javier Adri\u00e1n Paso de los Libres es protagonista de un caso in\u00e9dito en la Rep\u00fablica Argentina: la designaci\u00f3n de un &#8220;vocero municipal&#8221; en la figura del profe Tarabini. Si bien la modernizaci\u00f3n de la comunicaci\u00f3n institucional puede ser [&hellip;]<\/p>\n","protected":false},"author":2,"featured_media":8925,"comment_status":"open","ping_status":"open","sticky":false,"template":"","format":"standard","meta":{"footnotes":""},"categories":[77],"tags":[],"class_list":{"0":"post-8923","1":"post","2":"type-post","3":"status-publish","4":"format-standard","5":"has-post-thumbnail","7":"category-paso-de-los-libres"},"_links":{"self":[{"href":"https:\/\/elpueblonoticia.com.ar\/web\/wp-json\/wp\/v2\/posts\/8923","targetHints":{"allow":["GET"]}}],"collection":[{"href":"https:\/\/elpueblonoticia.com.ar\/web\/wp-json\/wp\/v2\/posts"}],"about":[{"href":"https:\/\/elpueblonoticia.com.ar\/web\/wp-json\/wp\/v2\/types\/post"}],"author":[{"embeddable":true,"href":"https:\/\/elpueblonoticia.com.ar\/web\/wp-json\/wp\/v2\/users\/2"}],"replies":[{"embeddable":true,"href":"https:\/\/elpueblonoticia.com.ar\/web\/wp-json\/wp\/v2\/comments?post=8923"}],"version-history":[{"count":2,"href":"https:\/\/elpueblonoticia.com.ar\/web\/wp-json\/wp\/v2\/posts\/8923\/revisions"}],"predecessor-version":[{"id":8927,"href":"https:\/\/elpueblonoticia.com.ar\/web\/wp-json\/wp\/v2\/posts\/8923\/revisions\/8927"}],"wp:featuredmedia":[{"embeddable":true,"href":"https:\/\/elpueblonoticia.com.ar\/web\/wp-json\/wp\/v2\/media\/8925"}],"wp:attachment":[{"href":"https:\/\/elpueblonoticia.com.ar\/web\/wp-json\/wp\/v2\/media?parent=8923"}],"wp:term":[{"taxonomy":"category","embeddable":true,"href":"https:\/\/elpueblonoticia.com.ar\/web\/wp-json\/wp\/v2\/categories?post=8923"},{"taxonomy":"post_tag","embeddable":true,"href":"https:\/\/elpueblonoticia.com.ar\/web\/wp-json\/wp\/v2\/tags?post=8923"}],"curies":[{"name":"wp","href":"https:\/\/api.w.org\/{rel}","templated":true}]}}