{"id":8913,"date":"2026-04-09T21:50:42","date_gmt":"2026-04-10T00:50:42","guid":{"rendered":"https:\/\/elpueblonoticia.com.ar\/web\/?p=8913"},"modified":"2026-04-09T21:50:42","modified_gmt":"2026-04-10T00:50:42","slug":"el-gobernador-valdes-presento-los-juegos-correntinos-2026-con-la-participacion-de-jovenes-y-adultos-mayores","status":"publish","type":"post","link":"https:\/\/elpueblonoticia.com.ar\/web\/2026\/04\/09\/el-gobernador-valdes-presento-los-juegos-correntinos-2026-con-la-participacion-de-jovenes-y-adultos-mayores\/","title":{"rendered":"El gobernador Vald\u00e9s present\u00f3 los Juegos Correntinos 2026, con la participaci\u00f3n de j\u00f3venes y adultos mayores"},"content":{"rendered":"<p><span lang=\"es\">En el Sal\u00f3n Amarillo de la Casa de Gobierno se realiz\u00f3 el lanzamiento oficial de los Juegos Correntinos 2026, que iniciaran sus inscripciones en m\u00e1s de 70 municipios, con la participaci\u00f3n de j\u00f3venes y adultos mayores<\/span><em><span lang=\"es\">.<\/span><\/em><\/p>\n<p><span lang=\"es\"><br \/>\nEl gobernador Juan Pablo Vald\u00e9s realiz\u00f3 este jueves la presentaci\u00f3n de una nueva edici\u00f3n de los Juegos Correntinos 2026 en el Sal\u00f3n Amarillo de Casa de Gobierno. Durante la presentaci\u00f3n, se destac\u00f3 el alcance provincial de los Juegos que involucran a 77 comunas organizadas en 6 zonas deportivas, con un calendario que se extender\u00e1 de abril a octubre.<\/span><\/p>\n<p><span lang=\"es\">La competencia, organizada por el Ministerio de Desarrollo Social a trav\u00e9s de la Secretar\u00eda de Deportes se desarrollar\u00e1 en cuatro etapas: local, subzonal, zonal y provincial.<\/span><\/p>\n<p><span lang=\"es\">Las autoridades subrayaron durante el acto que los Juegos Correntinos constituyen un espacio clave para detectar talentos deportivos y fortalecer el acompa\u00f1amiento a atletas del interior, adem\u00e1s de representar una instancia clasificatoria hacia los tradicionales Juegos Nacionales.<\/span><\/p>\n<p><span lang=\"es\">En ese marco, se puso especial \u00e9nfasis en el car\u00e1cter inclusivo de la propuesta, destacando el rol de los deportistas adaptados, quienes el a\u00f1o pasado aportaron el 60% del medallero correntino a nivel nacional, reflejando el impacto de las pol\u00edticas p\u00fablicas en materia de inclusi\u00f3n.<\/span><\/p>\n<p><strong><span lang=\"es\">Vald\u00e9s destac\u00f3 el valor inclusivo y federal<\/span><\/strong><\/p>\n<p><span lang=\"es\">El gobernador Juan Pablo Vald\u00e9s remarc\u00f3 que el evento trasciende lo deportivo y se consolida como una herramienta de integraci\u00f3n. \u201cVenimos a lanzar la continuidad de esta gran pol\u00edtica de Estado\u201d, sostuvo.<\/span><\/p>\n<p><span lang=\"es\">Vald\u00e9s reconoci\u00f3 adem\u00e1s el contexto econ\u00f3mico del pa\u00eds. \u201cHoy no estamos atravesando quiz\u00e1s los mejores tiempos econ\u00f3micos, pero el compromiso del Gobierno de Corrientes es firme en materia de deporte\u201d, asegur\u00f3.<\/span><\/p>\n<p><span lang=\"es\">En otro tramo, resalt\u00f3 el esfuerzo colectivo que sostiene la competencia, destacando la participaci\u00f3n masiva \u201cproducto del esfuerzo de los deportistas que compiten sanamente y se levantan temprano todos los d\u00edas\u201d.<\/span><\/p>\n<p><strong><span lang=\"es\">M\u00faltiple medallista invit\u00f3 a los j\u00f3venes a participar<\/span><\/strong><\/p>\n<p><span lang=\"es\">Nathaniel Villalba Pannunzio, destacado pesista y poseedor de ocho r\u00e9cords nacionales vigentes, particip\u00f3 de la presentaci\u00f3n tras haber sido m\u00faltiple medallista en los Juegos Evita y ser seleccionado para representar al pa\u00eds en los pr\u00f3ximos Juegos Sudamericanos de la Juventud en Panam\u00e1. El atleta invit\u00f3 a los j\u00f3venes a sumarse a la competencia local se\u00f1alando que de all\u00ed saldr\u00e1n &#8220;nuestros mejores atletas, quienes nos representar\u00e1n en las etapas nacionales en la ciudad de Mar del Plata&#8221;.<\/span><\/p>\n<p><span lang=\"es\">Para finalizar, Villalba Pannunzio reconoci\u00f3 el apoyo del Gobierno provincial y calific\u00f3 al certamen como un reflejo de una pol\u00edtica deportiva &#8220;inclusiva y participativa&#8221;.<\/span><\/p>\n<p><strong><span lang=\"es\">Inscripciones<\/span><\/strong><\/p>\n<p><span lang=\"es\">Los j\u00f3venes y adultos mayores que deseen participar podr\u00e1n acercarse a las \u00e1reas de deportes de cada uno de los municipios, donde se brindar\u00e1 informaci\u00f3n y realizar\u00e1n las inscripciones.<\/span><\/p>\n","protected":false},"excerpt":{"rendered":"<p>En el Sal\u00f3n Amarillo de la Casa de Gobierno se realiz\u00f3 el lanzamiento oficial de los Juegos Correntinos 2026, que iniciaran sus inscripciones en m\u00e1s de 70 municipios, con la participaci\u00f3n de j\u00f3venes y adultos mayores. El gobernador Juan Pablo Vald\u00e9s realiz\u00f3 este jueves la presentaci\u00f3n de una nueva edici\u00f3n de los Juegos Correntinos 2026 [&hellip;]<\/p>\n","protected":false},"author":2,"featured_media":8914,"comment_status":"open","ping_status":"open","sticky":false,"template":"","format":"standard","meta":{"footnotes":""},"categories":[76],"tags":[],"class_list":{"0":"post-8913","1":"post","2":"type-post","3":"status-publish","4":"format-standard","5":"has-post-thumbnail","7":"category-deportes"},"_links":{"self":[{"href":"https:\/\/elpueblonoticia.com.ar\/web\/wp-json\/wp\/v2\/posts\/8913","targetHints":{"allow":["GET"]}}],"collection":[{"href":"https:\/\/elpueblonoticia.com.ar\/web\/wp-json\/wp\/v2\/posts"}],"about":[{"href":"https:\/\/elpueblonoticia.com.ar\/web\/wp-json\/wp\/v2\/types\/post"}],"author":[{"embeddable":true,"href":"https:\/\/elpueblonoticia.com.ar\/web\/wp-json\/wp\/v2\/users\/2"}],"replies":[{"embeddable":true,"href":"https:\/\/elpueblonoticia.com.ar\/web\/wp-json\/wp\/v2\/comments?post=8913"}],"version-history":[{"count":1,"href":"https:\/\/elpueblonoticia.com.ar\/web\/wp-json\/wp\/v2\/posts\/8913\/revisions"}],"predecessor-version":[{"id":8915,"href":"https:\/\/elpueblonoticia.com.ar\/web\/wp-json\/wp\/v2\/posts\/8913\/revisions\/8915"}],"wp:featuredmedia":[{"embeddable":true,"href":"https:\/\/elpueblonoticia.com.ar\/web\/wp-json\/wp\/v2\/media\/8914"}],"wp:attachment":[{"href":"https:\/\/elpueblonoticia.com.ar\/web\/wp-json\/wp\/v2\/media?parent=8913"}],"wp:term":[{"taxonomy":"category","embeddable":true,"href":"https:\/\/elpueblonoticia.com.ar\/web\/wp-json\/wp\/v2\/categories?post=8913"},{"taxonomy":"post_tag","embeddable":true,"href":"https:\/\/elpueblonoticia.com.ar\/web\/wp-json\/wp\/v2\/tags?post=8913"}],"curies":[{"name":"wp","href":"https:\/\/api.w.org\/{rel}","templated":true}]}}