{"id":8906,"date":"2026-04-09T21:44:25","date_gmt":"2026-04-10T00:44:25","guid":{"rendered":"https:\/\/elpueblonoticia.com.ar\/web\/?p=8906"},"modified":"2026-04-09T21:44:25","modified_gmt":"2026-04-10T00:44:25","slug":"torneo-provincial-central-perdio-2-a-1-contra-football","status":"publish","type":"post","link":"https:\/\/elpueblonoticia.com.ar\/web\/2026\/04\/09\/torneo-provincial-central-perdio-2-a-1-contra-football\/","title":{"rendered":"Torneo Provincial: Central perdi\u00f3 2 a 1 contra Football"},"content":{"rendered":"<p>En la Fecha 5 de la Zona 4 del Torneo Provincial, el Negro perdi\u00f3 ante Football por 2 a 1 en la localidad de Esquina. El gol centralista lo hizo Joaqu\u00edn Montiel. La tabla lidera Huracan con 9 puntos, seguido por Central (8) y Football (7). Central debe definir su pase a los octavos de final, la proxima fecha ser\u00e1 contra Ber\u00f3n de Astrada.<\/p>\n","protected":false},"excerpt":{"rendered":"<p>En la Fecha 5 de la Zona 4 del Torneo Provincial, el Negro perdi\u00f3 ante Football por 2 a 1 en la localidad de Esquina. El gol centralista lo hizo Joaqu\u00edn Montiel. La tabla lidera Huracan con 9 puntos, seguido por Central (8) y Football (7). Central debe definir su pase a los octavos de [&hellip;]<\/p>\n","protected":false},"author":2,"featured_media":8907,"comment_status":"open","ping_status":"open","sticky":false,"template":"","format":"standard","meta":{"footnotes":""},"categories":[76],"tags":[],"class_list":{"0":"post-8906","1":"post","2":"type-post","3":"status-publish","4":"format-standard","5":"has-post-thumbnail","7":"category-deportes"},"_links":{"self":[{"href":"https:\/\/elpueblonoticia.com.ar\/web\/wp-json\/wp\/v2\/posts\/8906","targetHints":{"allow":["GET"]}}],"collection":[{"href":"https:\/\/elpueblonoticia.com.ar\/web\/wp-json\/wp\/v2\/posts"}],"about":[{"href":"https:\/\/elpueblonoticia.com.ar\/web\/wp-json\/wp\/v2\/types\/post"}],"author":[{"embeddable":true,"href":"https:\/\/elpueblonoticia.com.ar\/web\/wp-json\/wp\/v2\/users\/2"}],"replies":[{"embeddable":true,"href":"https:\/\/elpueblonoticia.com.ar\/web\/wp-json\/wp\/v2\/comments?post=8906"}],"version-history":[{"count":1,"href":"https:\/\/elpueblonoticia.com.ar\/web\/wp-json\/wp\/v2\/posts\/8906\/revisions"}],"predecessor-version":[{"id":8908,"href":"https:\/\/elpueblonoticia.com.ar\/web\/wp-json\/wp\/v2\/posts\/8906\/revisions\/8908"}],"wp:featuredmedia":[{"embeddable":true,"href":"https:\/\/elpueblonoticia.com.ar\/web\/wp-json\/wp\/v2\/media\/8907"}],"wp:attachment":[{"href":"https:\/\/elpueblonoticia.com.ar\/web\/wp-json\/wp\/v2\/media?parent=8906"}],"wp:term":[{"taxonomy":"category","embeddable":true,"href":"https:\/\/elpueblonoticia.com.ar\/web\/wp-json\/wp\/v2\/categories?post=8906"},{"taxonomy":"post_tag","embeddable":true,"href":"https:\/\/elpueblonoticia.com.ar\/web\/wp-json\/wp\/v2\/tags?post=8906"}],"curies":[{"name":"wp","href":"https:\/\/api.w.org\/{rel}","templated":true}]}}