{"id":8899,"date":"2026-04-09T21:40:13","date_gmt":"2026-04-10T00:40:13","guid":{"rendered":"https:\/\/elpueblonoticia.com.ar\/web\/?p=8899"},"modified":"2026-04-09T21:40:13","modified_gmt":"2026-04-10T00:40:13","slug":"comupe-confirmo-la-grilla-oficial-de-artistas-de-la-49-fiesta-nacional-del-surubi","status":"publish","type":"post","link":"https:\/\/elpueblonoticia.com.ar\/web\/2026\/04\/09\/comupe-confirmo-la-grilla-oficial-de-artistas-de-la-49-fiesta-nacional-del-surubi\/","title":{"rendered":"COMUPE confirm\u00f3 la grilla oficial de artistas de la 49\u00b0 Fiesta Nacional del Surub\u00ed"},"content":{"rendered":"<p data-start=\"2091\" data-end=\"2382\">La grilla de esta 49\u00b0 edici\u00f3n refleja una clara intenci\u00f3n, propone\u00a0integrar generaciones y estilos musicales en el Escenario Mayor Juan Melero. Desde el chamam\u00e9 m\u00e1s tradicional hasta el pop, rock, cumbia y la m\u00fasica urbana de moda, cada una de las noches ofrece una propuesta distinta que invita a compartir, disfrutar y celebrar del encuentro de familias, amigos, turistas, pescadores en Goya, la Capital de la Amistad.<\/p>\n<p data-start=\"2384\" data-end=\"2577\" data-is-last-node=\"\" data-is-only-node=\"\">La Fiesta Nacional del Surub\u00ed no solo es pesca: es cultura, identidad y encuentro. Y este a\u00f1o, la m\u00fasica ser\u00e1 una vez m\u00e1s una excusa perfecta para unir a todos en una experiencia inolvidable.<\/p>\n<p data-start=\"2384\" data-end=\"2577\" data-is-last-node=\"\" data-is-only-node=\"\">La Comisi\u00f3n Municipal de Pesca\u00a0confirm\u00f3 oficialmente la esperada grilla de artistas que dar\u00e1n vida a cada una de las noches de uno de los eventos m\u00e1s convocantes del mundo. La organizaci\u00f3n\u00a0se propone\u00a0a reunir a familias, grupos de amigos y visitantes de todas las edades, consolidando a\u00a0nuestro Mundial de Pesca\u00a0como ese punto de encuentro donde adem\u00e1s de la pesca, la m\u00fasica tambi\u00e9n se hace protagonista.<\/p>\n<p data-start=\"2384\" data-end=\"2577\" data-is-last-node=\"\" data-is-only-node=\"\"><strong>Mi\u00e9rcoles 29 de abril \u2013 Noche Inaugural<\/strong><\/p>\n<p data-start=\"2384\" data-end=\"2577\" data-is-last-node=\"\" data-is-only-node=\"\">El inicio de la fiesta tendr\u00e1 una impronta\u00a0de mucho festejo, con la presentaci\u00f3n de &#8220;<span class=\"hover:entity-accent entity-underline inline cursor-pointer align-baseline\"><span class=\"whitespace-normal\">La Mosca&#8221;<\/span><\/span>, una banda que\u00a0trasciende\u00a0generaciones con hits inolvidables. Su show promete ser un punto de encuentro entre nostalgia y actualidad, con canciones que invitan a cantar, saltar y vivir una verdadera celebraci\u00f3n colectiva.<\/p>\n<p data-start=\"2384\" data-end=\"2577\" data-is-last-node=\"\" data-is-only-node=\"\"><strong>Jueves 30 de Abril \u2013 Noche\u00a0de Chamam\u00e9 y Pe\u00f1a de Pescadores\u00a0<\/strong><\/p>\n<p data-start=\"2384\" data-end=\"2577\" data-is-last-node=\"\" data-is-only-node=\"\">El jueves estar\u00e1 dedicado a nuestra m\u00fasica tradicional, con una noche profundamente ligada a la identidad cultural de la regi\u00f3n y a una nueva edici\u00f3n de la tradicional &#8220;Pe\u00f1a de Pescadores&#8221;. Subir\u00e1n al escenario\u00a0<span class=\"hover:entity-accent entity-underline inline cursor-pointer align-baseline\"><span class=\"whitespace-normal\">Ambo\u00e9<\/span><\/span>,\u00a0<span class=\"hover:entity-accent entity-underline inline cursor-pointer align-baseline\"><span class=\"whitespace-normal\">Los Alonsitos<\/span><\/span>,\u00a0<span class=\"hover:entity-accent entity-underline inline cursor-pointer align-baseline\"><span class=\"whitespace-normal\">Los Bofill,<\/span><\/span>\u00a0<span class=\"hover:entity-accent entity-underline inline cursor-pointer align-baseline\"><span class=\"whitespace-normal\">Bocha Sheridan y<\/span><\/span>\u00a0Amanday\u00e9 entre otros destacados artistas del g\u00e9nero. Ser\u00e1 una velada cargada de sapucay y tradici\u00f3n, donde el chamam\u00e9 reunir\u00e1 a distintas generaciones en torno a un mismo sentimiento.<\/p>\n<p data-start=\"2384\" data-end=\"2577\" data-is-last-node=\"\" data-is-only-node=\"\"><strong>Viernes 1 de Mayo \u2013 Noche Elecci\u00f3n de Reina con ritmo urbano<\/strong><\/p>\n<p data-start=\"2384\" data-end=\"2577\" data-is-last-node=\"\" data-is-only-node=\"\">El viernes ser\u00e1 la noche que marcar\u00e1 un nuevo punto hist\u00f3rico en esta edici\u00f3n de la fiesta, conoceremos a la nueva reina y princesas de la Fiesta Nacional del Surub\u00ed.<\/p>\n<p data-start=\"2384\" data-end=\"2577\" data-is-last-node=\"\" data-is-only-node=\"\">Adem\u00e1s marcar\u00e1 un giro hacia los sonidos actuales con la presentaci\u00f3n de\u00a0<span class=\"hover:entity-accent entity-underline inline cursor-pointer align-baseline\"><span class=\"whitespace-normal\">La Joaqui<\/span><\/span>, referente de la escena urbana. Ser\u00e1 una noche especialmente pensada para el p\u00fablico joven, con una puesta en escena moderna, ritmo intenso y una conexi\u00f3n directa con las nuevas generaciones.<\/p>\n<p data-start=\"2384\" data-end=\"2577\" data-is-last-node=\"\" data-is-only-node=\"\"><strong>S\u00e1bado 2 de Mayo \u2013 Noche de Fiesta, cl\u00e1sicos y emoci\u00f3n compartida<\/strong><\/p>\n<p data-start=\"2384\" data-end=\"2577\" data-is-last-node=\"\" data-is-only-node=\"\">El s\u00e1bado ser\u00e1 una de las noches m\u00e1s convocantes, con una combinaci\u00f3n perfecta entre fiesta y canciones que forman parte de la memoria colectiva. Por un lado,\u00a0<span class=\"hover:entity-accent entity-underline inline cursor-pointer align-baseline\"><span class=\"whitespace-normal\">Kapanga<\/span><\/span>\u00a0aportar\u00e1 su energ\u00eda inconfundible, con un show din\u00e1mico caracter\u00edstico de la banda que por generaciones ha contagiado a todos bajo un afecto innegable por su ritmo.<\/p>\n<p>Por otro, Coti Sorokin sumar\u00e1 momentos m\u00e1s \u00edntimos y emotivos con el repertorio de sus grandes \u00e9xitos. Una noche ideal para compartir entre generaciones, donde todos podremos cantar juntos temas que marcaron distintas \u00e9pocas.<\/p>\n<p data-start=\"2384\" data-end=\"2577\" data-is-last-node=\"\" data-is-only-node=\"\"><strong>Domingo 3 de Mayo \u2013 Gran cierre a pura cumbia<\/strong><\/p>\n<p data-start=\"2384\" data-end=\"2577\" data-is-last-node=\"\" data-is-only-node=\"\">El cierre de la fiesta estar\u00e1 a cargo de\u00a0<span class=\"hover:entity-accent entity-underline inline cursor-pointer align-baseline\"><span class=\"whitespace-normal\">El Polaco<\/span><\/span>, quien llevar\u00e1 toda la alegr\u00eda de la cumbia al escenario mayor.<br data-start=\"3397\" data-end=\"3400\" \/>Ser\u00e1 una despedida a puro baile y celebraci\u00f3n, con un repertorio ideal para coronar una semana inolvidable. La \u00faltima noche promete ser una verdadera fiesta popular, donde el p\u00fablico ser\u00e1 protagonista hasta el final.<\/p>\n","protected":false},"excerpt":{"rendered":"<p>La grilla de esta 49\u00b0 edici\u00f3n refleja una clara intenci\u00f3n, propone\u00a0integrar generaciones y estilos musicales en el Escenario Mayor Juan Melero. Desde el chamam\u00e9 m\u00e1s tradicional hasta el pop, rock, cumbia y la m\u00fasica urbana de moda, cada una de las noches ofrece una propuesta distinta que invita a compartir, disfrutar y celebrar del encuentro [&hellip;]<\/p>\n","protected":false},"author":2,"featured_media":8900,"comment_status":"open","ping_status":"open","sticky":false,"template":"","format":"standard","meta":{"footnotes":""},"categories":[56],"tags":[],"class_list":{"0":"post-8899","1":"post","2":"type-post","3":"status-publish","4":"format-standard","5":"has-post-thumbnail","7":"category-locales"},"_links":{"self":[{"href":"https:\/\/elpueblonoticia.com.ar\/web\/wp-json\/wp\/v2\/posts\/8899","targetHints":{"allow":["GET"]}}],"collection":[{"href":"https:\/\/elpueblonoticia.com.ar\/web\/wp-json\/wp\/v2\/posts"}],"about":[{"href":"https:\/\/elpueblonoticia.com.ar\/web\/wp-json\/wp\/v2\/types\/post"}],"author":[{"embeddable":true,"href":"https:\/\/elpueblonoticia.com.ar\/web\/wp-json\/wp\/v2\/users\/2"}],"replies":[{"embeddable":true,"href":"https:\/\/elpueblonoticia.com.ar\/web\/wp-json\/wp\/v2\/comments?post=8899"}],"version-history":[{"count":1,"href":"https:\/\/elpueblonoticia.com.ar\/web\/wp-json\/wp\/v2\/posts\/8899\/revisions"}],"predecessor-version":[{"id":8901,"href":"https:\/\/elpueblonoticia.com.ar\/web\/wp-json\/wp\/v2\/posts\/8899\/revisions\/8901"}],"wp:featuredmedia":[{"embeddable":true,"href":"https:\/\/elpueblonoticia.com.ar\/web\/wp-json\/wp\/v2\/media\/8900"}],"wp:attachment":[{"href":"https:\/\/elpueblonoticia.com.ar\/web\/wp-json\/wp\/v2\/media?parent=8899"}],"wp:term":[{"taxonomy":"category","embeddable":true,"href":"https:\/\/elpueblonoticia.com.ar\/web\/wp-json\/wp\/v2\/categories?post=8899"},{"taxonomy":"post_tag","embeddable":true,"href":"https:\/\/elpueblonoticia.com.ar\/web\/wp-json\/wp\/v2\/tags?post=8899"}],"curies":[{"name":"wp","href":"https:\/\/api.w.org\/{rel}","templated":true}]}}