{"id":8893,"date":"2026-04-09T21:31:50","date_gmt":"2026-04-10T00:31:50","guid":{"rendered":"https:\/\/elpueblonoticia.com.ar\/web\/?p=8893"},"modified":"2026-04-09T21:31:50","modified_gmt":"2026-04-10T00:31:50","slug":"reforma-de-la-ley-de-glaciares-asi-votaron-los-diputados-de-corrientes","status":"publish","type":"post","link":"https:\/\/elpueblonoticia.com.ar\/web\/2026\/04\/09\/reforma-de-la-ley-de-glaciares-asi-votaron-los-diputados-de-corrientes\/","title":{"rendered":"Reforma de la Ley de Glaciares: as\u00ed votaron los diputados de Corrientes"},"content":{"rendered":"<div class=\"article__headline\">En una sesi\u00f3n marat\u00f3nica, el oficialismo logr\u00f3 reformar la norma ambiental con 137 votos a favor. El bloque correntino se dividi\u00f3: los libertarios y un radical acompa\u00f1aron el proyecto, mientras que el peronismo vot\u00f3 en contra.<\/div>\n<p>&nbsp;<\/p>\n<p>Tras una extensa jornada legislativa que culmin\u00f3 durante la madrugada de este jueves, la C\u00e1mara de Diputados de la Naci\u00f3n le dio sanci\u00f3n definitiva a la reforma de la\u00a0Ley de Glaciares. El oficialismo consigui\u00f3 el qu\u00f3rum ajustado con 129 legisladores y finalmente se impuso en la votaci\u00f3n por\u00a0137 afirmativos contra 111 negativos.<\/p>\n<p>La provincia de Corrientes tuvo un rol activo en la configuraci\u00f3n del resultado, aportando\u00a0cuatro votos a favor\u00a0y\u00a0tres en contra, reflejando la fuerte polarizaci\u00f3n pol\u00edtica que atraviesa la representaci\u00f3n provincial en el Congreso.<\/p>\n<h2><strong>El bloque a favor: alianza entre LLA y la UCR<\/strong><\/h2>\n<p>El Gobierno Nacional logr\u00f3 consolidar una mayor\u00eda gracias al acompa\u00f1amiento de diversos bloques aliados. En el caso de Corrientes, los tres diputados de\u00a0La Libertad Avanza (LLA<strong>)<\/strong>\u00a0mantuvieron su alineamiento total con la Casa Rosada.<\/p>\n<p>A ellos se sum\u00f3 una pieza clave del radicalismo provincial, que permiti\u00f3 inclinar la balanza a favor de la reforma.<\/p>\n<p>Votaron a favor:<\/p>\n<ul>\n<li><strong>Lisandro Almir\u00f3n<\/strong>\u00a0(LLA)<\/li>\n<li><strong>Virginia Gallardo<\/strong>\u00a0(LLA)<\/li>\n<li><strong>Federico Tournier<\/strong>\u00a0(LLA)<\/li>\n<li><strong>Di\u00f3genes Gonz\u00e1lez<\/strong>\u00a0(UCR)<\/li>\n<\/ul>\n<p>El respaldo de Gonz\u00e1lez se dio en el marco de un bloque de la\u00a0UCR\u00a0que, junto al\u00a0PRO\u00a0e\u00a0Innovaci\u00f3n Federal, fue determinante para alcanzar el n\u00famero necesario tanto para el qu\u00f3rum como para la aprobaci\u00f3n final.<\/p>\n<h2><strong>El rechazo del peronismo<\/strong><\/h2>\n<p>En la vereda opuesta, el bloque de legisladores de\u00a0Uni\u00f3n por la Patria\u00a0mantuvo su postura de rechazo rotundo a las modificaciones de la norma ambiental, argumentando los riesgos que la reforma supone para las reservas de agua dulce.<\/p>\n<p>Votaron en contra:<\/p>\n<ul>\n<li><strong>Ra\u00fal Hadad<\/strong>\u00a0(PJ)<\/li>\n<li><strong>Nancy Sand<\/strong>\u00a0(PJ)<\/li>\n<li><strong>Christian Zulli<\/strong>\u00a0(PJ)<\/li>\n<\/ul>\n<h2><strong>Qu\u00f3rum y apoyos clave<\/strong><\/h2>\n<p>La sesi\u00f3n comenz\u00f3 con la presencia justa para sesionar, gracias al aporte de bancadas como\u00a0Elijo Catamarca,\u00a0Adelante Buenos Aires\u00a0y sectores de\u00a0Unidos, encabezados por\u00a0Gisella Scaglia. El debate, que se extendi\u00f3 por m\u00e1s de diez horas, gir\u00f3 en torno a la flexibilizaci\u00f3n de las zonas protegidas para permitir actividades econ\u00f3micas, un punto que gener\u00f3 fuertes cruces entre el oficialismo y la oposici\u00f3n ambientalista.<\/p>\n<p>Con esta sanci\u00f3n, la reforma queda firme, marcando un hito en la agenda legislativa del oficialismo que, una vez m\u00e1s, logr\u00f3 articular mayor\u00edas con sectores del radicalismo y el PRO para avanzar en sus proyectos estructurales.<\/p>\n","protected":false},"excerpt":{"rendered":"<p>En una sesi\u00f3n marat\u00f3nica, el oficialismo logr\u00f3 reformar la norma ambiental con 137 votos a favor. El bloque correntino se dividi\u00f3: los libertarios y un radical acompa\u00f1aron el proyecto, mientras que el peronismo vot\u00f3 en contra. &nbsp; Tras una extensa jornada legislativa que culmin\u00f3 durante la madrugada de este jueves, la C\u00e1mara de Diputados de [&hellip;]<\/p>\n","protected":false},"author":2,"featured_media":8894,"comment_status":"open","ping_status":"open","sticky":false,"template":"","format":"standard","meta":{"footnotes":""},"categories":[66],"tags":[],"class_list":{"0":"post-8893","1":"post","2":"type-post","3":"status-publish","4":"format-standard","5":"has-post-thumbnail","7":"category-politica-nacionales"},"_links":{"self":[{"href":"https:\/\/elpueblonoticia.com.ar\/web\/wp-json\/wp\/v2\/posts\/8893","targetHints":{"allow":["GET"]}}],"collection":[{"href":"https:\/\/elpueblonoticia.com.ar\/web\/wp-json\/wp\/v2\/posts"}],"about":[{"href":"https:\/\/elpueblonoticia.com.ar\/web\/wp-json\/wp\/v2\/types\/post"}],"author":[{"embeddable":true,"href":"https:\/\/elpueblonoticia.com.ar\/web\/wp-json\/wp\/v2\/users\/2"}],"replies":[{"embeddable":true,"href":"https:\/\/elpueblonoticia.com.ar\/web\/wp-json\/wp\/v2\/comments?post=8893"}],"version-history":[{"count":1,"href":"https:\/\/elpueblonoticia.com.ar\/web\/wp-json\/wp\/v2\/posts\/8893\/revisions"}],"predecessor-version":[{"id":8895,"href":"https:\/\/elpueblonoticia.com.ar\/web\/wp-json\/wp\/v2\/posts\/8893\/revisions\/8895"}],"wp:featuredmedia":[{"embeddable":true,"href":"https:\/\/elpueblonoticia.com.ar\/web\/wp-json\/wp\/v2\/media\/8894"}],"wp:attachment":[{"href":"https:\/\/elpueblonoticia.com.ar\/web\/wp-json\/wp\/v2\/media?parent=8893"}],"wp:term":[{"taxonomy":"category","embeddable":true,"href":"https:\/\/elpueblonoticia.com.ar\/web\/wp-json\/wp\/v2\/categories?post=8893"},{"taxonomy":"post_tag","embeddable":true,"href":"https:\/\/elpueblonoticia.com.ar\/web\/wp-json\/wp\/v2\/tags?post=8893"}],"curies":[{"name":"wp","href":"https:\/\/api.w.org\/{rel}","templated":true}]}}