{"id":8890,"date":"2026-04-09T21:28:19","date_gmt":"2026-04-10T00:28:19","guid":{"rendered":"https:\/\/elpueblonoticia.com.ar\/web\/?p=8890"},"modified":"2026-04-09T21:28:19","modified_gmt":"2026-04-10T00:28:19","slug":"la-virgen-de-itati-recorre-las-comisarias-de-la-unidad-regional-ii","status":"publish","type":"post","link":"https:\/\/elpueblonoticia.com.ar\/web\/2026\/04\/09\/la-virgen-de-itati-recorre-las-comisarias-de-la-unidad-regional-ii\/","title":{"rendered":"La Virgen de Itat\u00ed recorre las comisar\u00edas de la unidad regional II"},"content":{"rendered":"<p>En su peregrinaci\u00f3n anual, la imagen de la Virgen de Itat\u00ed \u2014quien ostenta el grado de Comisario General\u2014 visit\u00f3 el mi\u00e9rcoles la localidad de Santa Luc\u00eda. Fue recibida con honores por el personal policial a cargo del comisario inspector Ernesto Montiel y el subcomisario Alejandro Castillo.<\/p>\n<p>La peregrinaci\u00f3n, que comenz\u00f3 el 6 de marzo de 2026 desde la Jefatura de Polic\u00eda capitalina, recorre unidades especiales y dependencias del interior para bendecir a los efectivos en servicio.<\/p>\n<p>Lleva el grado de comisario general, esta jerarqu\u00eda, otorgada en la d\u00e9cada de 1970, simboliza la profunda uni\u00f3n entre la fe popular y la identidad de la fuerza de seguridad correntina.-<\/p>\n","protected":false},"excerpt":{"rendered":"<p>En su peregrinaci\u00f3n anual, la imagen de la Virgen de Itat\u00ed \u2014quien ostenta el grado de Comisario General\u2014 visit\u00f3 el mi\u00e9rcoles la localidad de Santa Luc\u00eda. Fue recibida con honores por el personal policial a cargo del comisario inspector Ernesto Montiel y el subcomisario Alejandro Castillo. La peregrinaci\u00f3n, que comenz\u00f3 el 6 de marzo de [&hellip;]<\/p>\n","protected":false},"author":2,"featured_media":8891,"comment_status":"open","ping_status":"open","sticky":false,"template":"","format":"standard","meta":{"footnotes":""},"categories":[56],"tags":[],"class_list":{"0":"post-8890","1":"post","2":"type-post","3":"status-publish","4":"format-standard","5":"has-post-thumbnail","7":"category-locales"},"_links":{"self":[{"href":"https:\/\/elpueblonoticia.com.ar\/web\/wp-json\/wp\/v2\/posts\/8890","targetHints":{"allow":["GET"]}}],"collection":[{"href":"https:\/\/elpueblonoticia.com.ar\/web\/wp-json\/wp\/v2\/posts"}],"about":[{"href":"https:\/\/elpueblonoticia.com.ar\/web\/wp-json\/wp\/v2\/types\/post"}],"author":[{"embeddable":true,"href":"https:\/\/elpueblonoticia.com.ar\/web\/wp-json\/wp\/v2\/users\/2"}],"replies":[{"embeddable":true,"href":"https:\/\/elpueblonoticia.com.ar\/web\/wp-json\/wp\/v2\/comments?post=8890"}],"version-history":[{"count":1,"href":"https:\/\/elpueblonoticia.com.ar\/web\/wp-json\/wp\/v2\/posts\/8890\/revisions"}],"predecessor-version":[{"id":8892,"href":"https:\/\/elpueblonoticia.com.ar\/web\/wp-json\/wp\/v2\/posts\/8890\/revisions\/8892"}],"wp:featuredmedia":[{"embeddable":true,"href":"https:\/\/elpueblonoticia.com.ar\/web\/wp-json\/wp\/v2\/media\/8891"}],"wp:attachment":[{"href":"https:\/\/elpueblonoticia.com.ar\/web\/wp-json\/wp\/v2\/media?parent=8890"}],"wp:term":[{"taxonomy":"category","embeddable":true,"href":"https:\/\/elpueblonoticia.com.ar\/web\/wp-json\/wp\/v2\/categories?post=8890"},{"taxonomy":"post_tag","embeddable":true,"href":"https:\/\/elpueblonoticia.com.ar\/web\/wp-json\/wp\/v2\/tags?post=8890"}],"curies":[{"name":"wp","href":"https:\/\/api.w.org\/{rel}","templated":true}]}}