{"id":8887,"date":"2026-04-09T21:25:20","date_gmt":"2026-04-10T00:25:20","guid":{"rendered":"https:\/\/elpueblonoticia.com.ar\/web\/?p=8887"},"modified":"2026-04-09T21:25:20","modified_gmt":"2026-04-10T00:25:20","slug":"mallas-de-contencion-que-dice-el-proyecto-de-ley-para-prevenir-el-suicidio-en-el-puente-chaco-corrientes","status":"publish","type":"post","link":"https:\/\/elpueblonoticia.com.ar\/web\/2026\/04\/09\/mallas-de-contencion-que-dice-el-proyecto-de-ley-para-prevenir-el-suicidio-en-el-puente-chaco-corrientes\/","title":{"rendered":"Mallas de contenci\u00f3n: qu\u00e9 dice el proyecto de ley para prevenir el suicidio en el puente Chaco-Corrientes"},"content":{"rendered":"<div class=\"article__headline\">La iniciativa del Foro de Organizaciones Vecinales, impulsada por Julio Maciel, busca crear un programa nacional tras registrarse casi 300 intentos de suicidio en el viaducto interprovincial.<\/div>\n<p>&nbsp;<\/p>\n<p>Una problem\u00e1tica urgente del Nordeste Argentino (NEA) lleg\u00f3 al Congreso de la Naci\u00f3n. El Foro de Organizaciones Vecinales formaliz\u00f3 la presentaci\u00f3n del proyecto de ley denominado <strong>&#8220;<\/strong>Programa de Prevenci\u00f3n del Suicidio en Puentes y Otras Infraestructuras Viales de Alto Riesgo&#8221;.<\/p>\n<p>La propuesta, redactada por el titular del foro,\u00a0Julio Maciel, fue tomada por el diputado nacional de la Democracia Cristiana,\u00a0Juan Br\u00fcgg<strong>e<\/strong>, quien promover\u00e1 su tratamiento legislativo.<\/p>\n<p>La iniciativa surge como respuesta a una estad\u00edstica alarmante: en el puente interprovincial\u00a0General Belgrano, que une Corrientes con Chaco, se han contabilizado m\u00e1s de 260 casos \u2014con cifras que rozan los 300\u2014 de personas que intentaron quitarse la vida arroj\u00e1ndose desde la estructura.<\/p>\n<p>Para los impulsores de la ley, esta recurrencia evidencia un &#8220;riesgo estructural conocido&#8221; que demanda una intervenci\u00f3n estatal directa.<\/p>\n<h2><strong>Mallas de contenci\u00f3n y equipos de salud mental<\/strong><\/h2>\n<p>El coraz\u00f3n del proyecto apunta a transformar la infraestructura vial en espacios seguros mediante medidas concretas de prevenci\u00f3n. Entre los puntos principales del programa nacional se destacan:<\/p>\n<ul>\n<li><strong>Barreras f\u00edsicas:<\/strong>\u00a0Instalaci\u00f3n de mallas de contenci\u00f3n y protecciones que dificulten el acceso a zonas de peligro.<\/li>\n<li><strong>Se\u00f1alizaci\u00f3n y alertas:<\/strong>\u00a0dispositivos de comunicaci\u00f3n directa y carteler\u00eda preventiva con l\u00edneas de asistencia.<\/li>\n<li><strong>Presencia especializada:<\/strong>\u00a0despliegue de equipos de\u00a0salud mental\u00a0y protocolos de intervenci\u00f3n temprana en las inmediaciones de los viaductos.<\/li>\n<li><strong>Asistencia inmediata:<\/strong>\u00a0sistemas de monitoreo y alerta para una respuesta r\u00e1pida ante situaciones de crisis.<\/li>\n<\/ul>\n<p>&#8220;Los puentes deben ser s\u00edmbolos de uni\u00f3n y vida, no escenarios de tragedias evitables&#8221;, expres\u00f3\u00a0Julio Maciel, quien subray\u00f3 que la prevenci\u00f3n es una responsabilidad colectiva que el Estado debe asumir con urgencia.<\/p>\n<h2><strong>El principio de prevenci\u00f3n del da\u00f1o<\/strong><\/h2>\n<p>Los fundamentos del proyecto de ley se apoyan en el principio jur\u00eddico de\u00a0prevenci\u00f3n del da\u00f1o, reconocido tanto en el derecho argentino como internacional.<\/p>\n<p>El texto sostiene que el Estado no puede limitarse a una respuesta posterior a los hechos consumados, sino que debe actuar de manera anticipada reduciendo la accesibilidad a los medios para cometer el acto.<\/p>\n<p>Desde el Foro de Organizaciones Vecinales hicieron un llamado a todos los sectores pol\u00edticos y sociales para acompa\u00f1ar la propuesta, entendiendo que el puente\u00a0General Belgrano\u00a0es hoy el ejemplo m\u00e1s cr\u00edtico de una desprotecci\u00f3n que requiere una pol\u00edtica p\u00fablica activa de contenci\u00f3n y acompa\u00f1amiento.<\/p>\n","protected":false},"excerpt":{"rendered":"<p>La iniciativa del Foro de Organizaciones Vecinales, impulsada por Julio Maciel, busca crear un programa nacional tras registrarse casi 300 intentos de suicidio en el viaducto interprovincial. &nbsp; Una problem\u00e1tica urgente del Nordeste Argentino (NEA) lleg\u00f3 al Congreso de la Naci\u00f3n. El Foro de Organizaciones Vecinales formaliz\u00f3 la presentaci\u00f3n del proyecto de ley denominado &#8220;Programa [&hellip;]<\/p>\n","protected":false},"author":2,"featured_media":8888,"comment_status":"open","ping_status":"open","sticky":false,"template":"","format":"standard","meta":{"footnotes":""},"categories":[72],"tags":[],"class_list":{"0":"post-8887","1":"post","2":"type-post","3":"status-publish","4":"format-standard","5":"has-post-thumbnail","7":"category-provinciales"},"_links":{"self":[{"href":"https:\/\/elpueblonoticia.com.ar\/web\/wp-json\/wp\/v2\/posts\/8887","targetHints":{"allow":["GET"]}}],"collection":[{"href":"https:\/\/elpueblonoticia.com.ar\/web\/wp-json\/wp\/v2\/posts"}],"about":[{"href":"https:\/\/elpueblonoticia.com.ar\/web\/wp-json\/wp\/v2\/types\/post"}],"author":[{"embeddable":true,"href":"https:\/\/elpueblonoticia.com.ar\/web\/wp-json\/wp\/v2\/users\/2"}],"replies":[{"embeddable":true,"href":"https:\/\/elpueblonoticia.com.ar\/web\/wp-json\/wp\/v2\/comments?post=8887"}],"version-history":[{"count":1,"href":"https:\/\/elpueblonoticia.com.ar\/web\/wp-json\/wp\/v2\/posts\/8887\/revisions"}],"predecessor-version":[{"id":8889,"href":"https:\/\/elpueblonoticia.com.ar\/web\/wp-json\/wp\/v2\/posts\/8887\/revisions\/8889"}],"wp:featuredmedia":[{"embeddable":true,"href":"https:\/\/elpueblonoticia.com.ar\/web\/wp-json\/wp\/v2\/media\/8888"}],"wp:attachment":[{"href":"https:\/\/elpueblonoticia.com.ar\/web\/wp-json\/wp\/v2\/media?parent=8887"}],"wp:term":[{"taxonomy":"category","embeddable":true,"href":"https:\/\/elpueblonoticia.com.ar\/web\/wp-json\/wp\/v2\/categories?post=8887"},{"taxonomy":"post_tag","embeddable":true,"href":"https:\/\/elpueblonoticia.com.ar\/web\/wp-json\/wp\/v2\/tags?post=8887"}],"curies":[{"name":"wp","href":"https:\/\/api.w.org\/{rel}","templated":true}]}}