{"id":8884,"date":"2026-04-09T21:21:22","date_gmt":"2026-04-10T00:21:22","guid":{"rendered":"https:\/\/elpueblonoticia.com.ar\/web\/?p=8884"},"modified":"2026-04-09T21:21:22","modified_gmt":"2026-04-10T00:21:22","slug":"ajuste-y-malestar-en-corrientes-docentes-autoconvocados-vuelven-a-las-calles-contra-el-aumento-del-6","status":"publish","type":"post","link":"https:\/\/elpueblonoticia.com.ar\/web\/2026\/04\/09\/ajuste-y-malestar-en-corrientes-docentes-autoconvocados-vuelven-a-las-calles-contra-el-aumento-del-6\/","title":{"rendered":"Ajuste y malestar en Corrientes: Docentes autoconvocados vuelven a las calles contra el aumento del 6%"},"content":{"rendered":"<p>Con una movilizaci\u00f3n que unir\u00e1 la plaza 25 de Mayo y la plaza Cabral, el sector docente reclama una recomposici\u00f3n salarial que supere la canasta b\u00e1sica. Denuncian que las boletas de luz superan los $300.000.<\/p>\n<p>La tensi\u00f3n entre el sector educativo de Corrientes y la administraci\u00f3n de\u00a0Juan Pablo Vald\u00e9s\u00a0suma un nuevo cap\u00edtulo. Este jueves, los\u00a0Docentes Autoconvocados\u00a0volver\u00e1n a manifestarse en la capital provincial para rechazar el incremento salarial del\u00a0<strong>6%<\/strong>\u00a0otorgado por el Ejecutivo, cifra que califican de &#8220;insuficiente&#8221; y &#8220;fuera de toda realidad econ\u00f3mica&#8221;.<\/p>\n<p>La concentraci\u00f3n est\u00e1 prevista para las\u00a0<strong>19\u00a0<\/strong>en la\u00a0plaza 25 de Mayo, frente a la Casa de Gobierno. Desde all\u00ed, los manifestantes iniciar\u00e1n una caminata por la\u00a0peatonal Jun\u00edn\u00a0que culminar\u00e1 en la\u00a0plaza Cabral\u00a0con una asamblea abierta para definir los pasos a seguir.<\/p>\n<h2><strong>El impacto de las tarifas como detonante<\/strong><\/h2>\n<p>El malestar docente se vio potenciado en las \u00faltimas horas tras la viralizaci\u00f3n de facturas de energ\u00eda el\u00e9ctrica con montos que rozan lo prohibitivo. Desde el frente autoconvocado compartieron una boleta de luz de\u00a0$337.000\u00a0que vence en abril, exponiendo la brecha entre los ingresos y el costo de vida.<\/p>\n<p>&#8220;No s\u00e9 si a ustedes les ocurre lo mismo, colegas, pero es evidente que un 6% de aumento no alcanza para nada. Da la impresi\u00f3n de que el gobierno provincial ha decidido ajustar sobre los docentes&#8221;, expresaron a trav\u00e9s de sus redes sociales, reforzando la idea de que el sector est\u00e1 sosteniendo el sistema educativo con un esfuerzo financiero personal.<\/p>\n<h2><strong>Un pliego de reclamos que va m\u00e1s all\u00e1 del salario<\/strong><\/h2>\n<p>Durante la marcha por la peatonal, los docentes distribuir\u00e1n folletos con un petitorio que incluye puntos cr\u00edticos para el sector:<\/p>\n<ol>\n<li><strong>Recomposici\u00f3n Salarial:<\/strong>\u00a0exigen un sueldo por encima de la\u00a0<strong>Canasta B\u00e1sica<\/strong>\u00a0y que todos los c\u00f3digos y aumentos se incorporen directamente al\u00a0<strong>b\u00e1sico<\/strong>.<\/li>\n<li><strong>Crisis en el IOSCOR:<\/strong>\u00a0piden el correcto funcionamiento de la obra social provincial, con cobertura completa y la posibilidad de un sistema opcional ante las falencias actuales.<\/li>\n<li><strong>Jubilaci\u00f3n y estabilidad:<\/strong>\u00a0reclaman el\u00a0<strong>82% m\u00f3vil<\/strong>, el fin de la burocracia previsional y el cumplimiento estricto del\u00a0<strong>Estatuto Docente<\/strong>, garantizando titularizaciones y pagos en tiempo y forma.<\/li>\n<li><strong>Infraestructura escolar:<\/strong>\u00a0denuncian precariedad edilicia y exigen condiciones dignas de luz, agua y ventilaci\u00f3n, adem\u00e1s del nombramiento de personal administrativo y de maestranza.<\/li>\n<\/ol>\n<h2><strong>Alcance provincial<\/strong><\/h2>\n<p>La protesta no se limitar\u00e1 a la Capital. El colectivo inst\u00f3 a que en cada localidad de la provincia se haga visible la situaci\u00f3n. &#8220;Cuando la comunidad y los docentes se expresan con firmeza, la voz se escucha. Defendamos el valor de la\u00a0educaci\u00f3n p\u00fablica&#8221;, concluyeron en su convocatoria, apelando a una mayor &#8220;sensibilidad&#8221; por parte de los gobernantes ante la p\u00e9rdida del poder adquisitivo.<\/p>\n","protected":false},"excerpt":{"rendered":"<p>Con una movilizaci\u00f3n que unir\u00e1 la plaza 25 de Mayo y la plaza Cabral, el sector docente reclama una recomposici\u00f3n salarial que supere la canasta b\u00e1sica. Denuncian que las boletas de luz superan los $300.000. La tensi\u00f3n entre el sector educativo de Corrientes y la administraci\u00f3n de\u00a0Juan Pablo Vald\u00e9s\u00a0suma un nuevo cap\u00edtulo. Este jueves, los\u00a0Docentes [&hellip;]<\/p>\n","protected":false},"author":2,"featured_media":8885,"comment_status":"open","ping_status":"open","sticky":false,"template":"","format":"standard","meta":{"footnotes":""},"categories":[72],"tags":[],"class_list":{"0":"post-8884","1":"post","2":"type-post","3":"status-publish","4":"format-standard","5":"has-post-thumbnail","7":"category-provinciales"},"_links":{"self":[{"href":"https:\/\/elpueblonoticia.com.ar\/web\/wp-json\/wp\/v2\/posts\/8884","targetHints":{"allow":["GET"]}}],"collection":[{"href":"https:\/\/elpueblonoticia.com.ar\/web\/wp-json\/wp\/v2\/posts"}],"about":[{"href":"https:\/\/elpueblonoticia.com.ar\/web\/wp-json\/wp\/v2\/types\/post"}],"author":[{"embeddable":true,"href":"https:\/\/elpueblonoticia.com.ar\/web\/wp-json\/wp\/v2\/users\/2"}],"replies":[{"embeddable":true,"href":"https:\/\/elpueblonoticia.com.ar\/web\/wp-json\/wp\/v2\/comments?post=8884"}],"version-history":[{"count":1,"href":"https:\/\/elpueblonoticia.com.ar\/web\/wp-json\/wp\/v2\/posts\/8884\/revisions"}],"predecessor-version":[{"id":8886,"href":"https:\/\/elpueblonoticia.com.ar\/web\/wp-json\/wp\/v2\/posts\/8884\/revisions\/8886"}],"wp:featuredmedia":[{"embeddable":true,"href":"https:\/\/elpueblonoticia.com.ar\/web\/wp-json\/wp\/v2\/media\/8885"}],"wp:attachment":[{"href":"https:\/\/elpueblonoticia.com.ar\/web\/wp-json\/wp\/v2\/media?parent=8884"}],"wp:term":[{"taxonomy":"category","embeddable":true,"href":"https:\/\/elpueblonoticia.com.ar\/web\/wp-json\/wp\/v2\/categories?post=8884"},{"taxonomy":"post_tag","embeddable":true,"href":"https:\/\/elpueblonoticia.com.ar\/web\/wp-json\/wp\/v2\/tags?post=8884"}],"curies":[{"name":"wp","href":"https:\/\/api.w.org\/{rel}","templated":true}]}}