{"id":8880,"date":"2026-04-09T21:14:19","date_gmt":"2026-04-10T00:14:19","guid":{"rendered":"https:\/\/elpueblonoticia.com.ar\/web\/?p=8880"},"modified":"2026-04-09T21:14:19","modified_gmt":"2026-04-10T00:14:19","slug":"milei-apunto-contra-la-oposicion-y-los-medios-y-advirtio-la-motosierra-sigue-encendida","status":"publish","type":"post","link":"https:\/\/elpueblonoticia.com.ar\/web\/2026\/04\/09\/milei-apunto-contra-la-oposicion-y-los-medios-y-advirtio-la-motosierra-sigue-encendida\/","title":{"rendered":"Milei apunt\u00f3 contra la oposici\u00f3n y los medios y advirti\u00f3: &#8220;La motosierra sigue encendida&#8221;"},"content":{"rendered":"<p>En medio del esc\u00e1ndalo por los cr\u00e9ditos hipotecarios del Banco Naci\u00f3n otorgados a funcionarios y legisladores del oficialismo, el Presidente desestim\u00f3 las denuncias y asegur\u00f3 que detr\u00e1s &#8220;hay mucha ignorancia y mala intenci\u00f3n&#8221;. Tambi\u00e9n ratific\u00f3 el rumbo del plan econ\u00f3mico: &#8220;No voy a resignar el equilibrio fiscal&#8221;, sostuvo.<\/p>\n<p>El presidente Javier Milei ratific\u00f3 el rumbo del plan econ\u00f3mico del Gobierno basado en el equilibrio fiscal durante una entrevista en la Televisi\u00f3n P\u00fablica, en la que advirti\u00f3 que &#8220;la motosierra sigue encendida&#8221;, al tiempo que advirti\u00f3 sobre presuntos intentos de desestabilizaci\u00f3n y apunt\u00f3 contra opositores y periodistas.<\/p>\n<p>&#8220;La motosierra sigue encendida. No voy a resignar el equilibrio fiscal. No vamos a ceder a los delincuentes ni a fuerzas extranjeras trat\u00e1ndose de meter en un pa\u00eds para voltear al Gobierno&#8221;, asegur\u00f3 el mandatario.<\/p>\n<p>El jefe de Estado afirm\u00f3 que &#8220;la econom\u00eda creci\u00f3 un 11%&#8221; desde su llegada a la Casa Rosada. &#8220;Los que hablan de recesi\u00f3n son los mismos payasos que hablan de estanflaci\u00f3n. El consumo est\u00e1 en m\u00e1ximos hist\u00f3ricos&#8221;, justific\u00f3.<\/p>\n<article class=\"article-body article-body--first-paragraph\">\n<h2><strong>Javier Milei: &#8220;El 95% de los periodistas son delincuentes&#8221;<\/strong><\/h2>\n<p data-mrf-recirculation=\"Article - Paragraph Links\">El mandatario\u00a0arremeti\u00f3 contra la prensadurante la entrevista y lanz\u00f3 severas calificaciones contra los comunicadores en un momento de alta sensibilidad por diversos esc\u00e1ndalos que erosionan la imagen del Gobierno.<\/p>\n<\/article>\n<article class=\"article-body article-body--first-paragraph\">\n<p data-mrf-recirculation=\"Article - Paragraph Links\"><strong>&#8220;<\/strong>El 95% de los periodistas argentinos son delincuentes. Y escriben por mandato de otros pa\u00edses, o financiados por otros pa\u00edses, o para medios que tienen conflicto con el Gobierno porque quieren prebendas, o son bancados por empresaurios<strong>&#8220;<\/strong>, sostuvo.<\/p>\n<p data-mrf-recirculation=\"Article - Paragraph Links\">Estas declaraciones surgen en un contexto de turbulencia para el Ejecutivo a ra\u00edz de denuncias por corrupci\u00f3n. Entre ellas, la reciente acusaci\u00f3n judicial por presunto\u00a0enriquecimiento il\u00edcito\u00a0contra el vocero presidencial,\u00a0Manuel Adorni.<\/p>\n<p data-mrf-recirculation=\"Article - Paragraph Links\">A la situaci\u00f3n del portavoz se suma otra pol\u00e9mica de impacto p\u00fablico: la\u00a0obtenci\u00f3n de cr\u00e9ditos hipotecarios del Banco Naci\u00f3n por parte de funcionarios y legisladoresde las filas del oficialismo. Sobre este tema, el mandatario afirm\u00f3 que &#8220;hay mucha ignorancia y mala intenci\u00f3n&#8221;.<\/p>\n<p data-mrf-recirculation=\"Article - Paragraph Links\">&#8220;Si un funcionario toma un cr\u00e9dito en el Banco Naci\u00f3n, \u00bfhaber tomado ese cr\u00e9dito mat\u00f3 gente, violenta el derecho a la vida? No. \u00bfAlguien perdi\u00f3 la libertad por eso? No. \u00bfLa tasa es la de mercado? La respuesta es afirmativa, con lo cual no violentaste nada. El an\u00e1lisis que hacen es verdaderamente una estupidez&#8221;, sostuvo.<\/p>\n<p data-mrf-recirculation=\"Article - Paragraph Links\">Ante este escenario adverso, Milei relacion\u00f3 las cr\u00edticas period\u00edsticas con sus medidas de austeridad estatal.\u00a0<strong>&#8220;<\/strong>La gente es manipulada y enga\u00f1ada por las mentiras que construye la prensa. Estamos sufriendo un embate medi\u00e1tico, en parte porque cortamos la pauta oficial<strong>&#8220;<\/strong>, argument\u00f3.<\/p>\n<p data-mrf-recirculation=\"Article - Paragraph Links\">El mandatario insisti\u00f3 con su dura visi\u00f3n sobre el rol actual de los medios y su influencia negativa en la sociedad. Sobre este punto, agreg\u00f3:\u00a0<strong>&#8220;<\/strong>El 95% est\u00e1 envenenado, y se dedica a envenenar a la gente&#8221;.<\/p>\n<\/article>\n","protected":false},"excerpt":{"rendered":"<p>En medio del esc\u00e1ndalo por los cr\u00e9ditos hipotecarios del Banco Naci\u00f3n otorgados a funcionarios y legisladores del oficialismo, el Presidente desestim\u00f3 las denuncias y asegur\u00f3 que detr\u00e1s &#8220;hay mucha ignorancia y mala intenci\u00f3n&#8221;. Tambi\u00e9n ratific\u00f3 el rumbo del plan econ\u00f3mico: &#8220;No voy a resignar el equilibrio fiscal&#8221;, sostuvo. El presidente Javier Milei ratific\u00f3 el rumbo [&hellip;]<\/p>\n","protected":false},"author":2,"featured_media":8881,"comment_status":"open","ping_status":"open","sticky":false,"template":"","format":"standard","meta":{"footnotes":""},"categories":[66],"tags":[],"class_list":{"0":"post-8880","1":"post","2":"type-post","3":"status-publish","4":"format-standard","5":"has-post-thumbnail","7":"category-politica-nacionales"},"_links":{"self":[{"href":"https:\/\/elpueblonoticia.com.ar\/web\/wp-json\/wp\/v2\/posts\/8880","targetHints":{"allow":["GET"]}}],"collection":[{"href":"https:\/\/elpueblonoticia.com.ar\/web\/wp-json\/wp\/v2\/posts"}],"about":[{"href":"https:\/\/elpueblonoticia.com.ar\/web\/wp-json\/wp\/v2\/types\/post"}],"author":[{"embeddable":true,"href":"https:\/\/elpueblonoticia.com.ar\/web\/wp-json\/wp\/v2\/users\/2"}],"replies":[{"embeddable":true,"href":"https:\/\/elpueblonoticia.com.ar\/web\/wp-json\/wp\/v2\/comments?post=8880"}],"version-history":[{"count":1,"href":"https:\/\/elpueblonoticia.com.ar\/web\/wp-json\/wp\/v2\/posts\/8880\/revisions"}],"predecessor-version":[{"id":8882,"href":"https:\/\/elpueblonoticia.com.ar\/web\/wp-json\/wp\/v2\/posts\/8880\/revisions\/8882"}],"wp:featuredmedia":[{"embeddable":true,"href":"https:\/\/elpueblonoticia.com.ar\/web\/wp-json\/wp\/v2\/media\/8881"}],"wp:attachment":[{"href":"https:\/\/elpueblonoticia.com.ar\/web\/wp-json\/wp\/v2\/media?parent=8880"}],"wp:term":[{"taxonomy":"category","embeddable":true,"href":"https:\/\/elpueblonoticia.com.ar\/web\/wp-json\/wp\/v2\/categories?post=8880"},{"taxonomy":"post_tag","embeddable":true,"href":"https:\/\/elpueblonoticia.com.ar\/web\/wp-json\/wp\/v2\/tags?post=8880"}],"curies":[{"name":"wp","href":"https:\/\/api.w.org\/{rel}","templated":true}]}}