{"id":8876,"date":"2026-04-09T21:05:33","date_gmt":"2026-04-10T00:05:33","guid":{"rendered":"https:\/\/elpueblonoticia.com.ar\/web\/?p=8876"},"modified":"2026-04-09T22:50:19","modified_gmt":"2026-04-10T01:50:19","slug":"tras-una-maratonica-sesion-diputados-aprobo-la-reforma-a-la-ley-de-glaciares","status":"publish","type":"post","link":"https:\/\/elpueblonoticia.com.ar\/web\/2026\/04\/09\/tras-una-maratonica-sesion-diputados-aprobo-la-reforma-a-la-ley-de-glaciares\/","title":{"rendered":"Tras una marat\u00f3nica sesi\u00f3n, Diputados aprob\u00f3 la reforma a la Ley de Glaciares"},"content":{"rendered":"<p>Con 137 votos a favor, 111 en contra y 3 abstenciones, la C\u00e1mara baja sancion\u00f3 el proyecto impulsado por la Casa Rosada que introduce cambios al r\u00e9gimen de presupuestos m\u00ednimos para la preservaci\u00f3n de glaciares y del ambiente periglacial.<\/p>\n<p>La\u00a0C\u00e1mara de Diputados aprob\u00f3\u00a0este mi\u00e9rcoles la\u00a0reforma a la Ley de Glaciares\u00a0impulsada por el Gobierno, tras una\u00a0marat\u00f3nica sesi\u00f3nque se desarroll\u00f3 en medio de\u00a0protestas y represi\u00f3n policial\u00a0en las inmediaciones del Congreso.<\/p>\n<article class=\"article-body article-body--first-paragraph\">\n<p data-mrf-recirculation=\"Article - Paragraph Links\">Con 137 votos a favor, 111 en contra y 3 abstenciones,\u00a0el oficialismo volvi\u00f3 a anotarse otra\u00a0victoria legislativaal sancionar el proyecto que ya contaba con media sanci\u00f3n del Senado desde el pasado 26 de febrero.<\/p>\n<\/article>\n<div class=\"free-banner-wrapper mx-auto text-center\">\n<div id=\"ad-slot-outstream\" class=\"ad-slot ad-slot-outstream\" data-path=\"\/22474715684\/c5n\/Outstream_adm\" data-lazyload=\"1\" data-adtype=\"outstream\" data-google-query-id=\"CJPO5c734JMDFVM5uQYdd38BCg\">\n<div id=\"google_ads_iframe_\/22474715684\/c5n\/Outstream_adm_0__container__\">La reforma a la Ley 26.639 redefine el alcance de las \u00e1reas protegidas al distinguir entre <strong>&#8220;<\/strong>\u00e1reas periglaciares&#8221; y &#8220;geoformas periglaciares<strong>&#8220;,<\/strong>\u00a0y establece que su inclusi\u00f3n como reservas estrat\u00e9gicas depender\u00e1 de estudios t\u00e9cnicos realizados por las autoridades ambientales de cada jurisdicci\u00f3n. Ese criterio determinar\u00e1 qu\u00e9 sectores quedan incorporados al Inventario Nacional de Glaciares y, por lo tanto, bajo protecci\u00f3n especial.<\/div>\n<\/div>\n<\/div>\n<article class=\"article-body article-body--first-paragraph\">\n<article class=\"article-body article-body--first-paragraph\">\n<p data-mrf-recirculation=\"Article - Paragraph Links\">Desde el oficialismo sostuvieron que la modificaci\u00f3n brinda mayor previsibilidad jur\u00eddica. Sin embargo,\u00a0el cambio impacta sobre el r\u00e9gimen de protecci\u00f3n ambiental en regiones donde conviven reservas h\u00eddricas y actividades productivas.<\/p>\n<\/article>\n<article class=\"article-body article-body--first-paragraph\">\n<p data-mrf-recirculation=\"Article - Paragraph Links\">La aprobaci\u00f3n del proyecto era un compromiso asumido por el Gobierno con los gobernadores de provincias cordilleranas, que buscaban una legislaci\u00f3n m\u00e1s din\u00e1mica y menos r\u00edgida para\u00a0destrabar y multiplicar las inversiones en miner\u00eda e hidrocarburos.<\/p>\n<h2><strong>El Gobierno celebr\u00f3 la aprobaci\u00f3n de la reforma a Ley de Glaciares<\/strong><\/h2>\n<p data-mrf-recirculation=\"Article - Paragraph Links\">Minutos despu\u00e9s de la votaci\u00f3n en Diputados, la Oficina del Presidente public\u00f3 un mensaje en redes sociales en el que festej\u00f3 la sanci\u00f3n y destac\u00f3 que las modificaciones impulsan &#8220;la precisi\u00f3n de la norma vigente a fin de garantizar seguridad jur\u00eddica y darle poder a las provincias para la utilizaci\u00f3n de sus recursos&#8221;.<\/p>\n<p data-mrf-recirculation=\"Article - Paragraph Links\">&#8220;Al eliminar las distorsiones ideol\u00f3gicas y las trabas artificiales que imped\u00edan el progreso,\u00a0el proyecto reafirma que el cuidado genuino del ambiente y el crecimiento econ\u00f3mico no son enemigos, sino motores complementarios\u00a0de una Naci\u00f3n libre y pr\u00f3spera&#8221;, sostiene el texto, que lleva la firma del presidente Javier Milei.<\/p>\n<p data-mrf-recirculation=\"Article - Paragraph Links\">&#8220;Los intentos de interferencia de organizaciones extranjeras fracasaron y los ecologistas empecinados en impedir el progreso de la Rep\u00fablica Argentina volvieron a perder. Las agendas que buscan impedir el progreso de los argentinos encontraron en este Gobierno su mayor enemigo&#8221;, agreg\u00f3, y concluy\u00f3: &#8220;A partir de ahora,\u00a0nuestro pa\u00eds vuelve a tener un verdadero federalismo ambiental y una pol\u00edtica inteligente y soberana para la explotaci\u00f3n de sus recursos&#8221;.<\/p>\n<\/article>\n<\/article>\n","protected":false},"excerpt":{"rendered":"<p>Con 137 votos a favor, 111 en contra y 3 abstenciones, la C\u00e1mara baja sancion\u00f3 el proyecto impulsado por la Casa Rosada que introduce cambios al r\u00e9gimen de presupuestos m\u00ednimos para la preservaci\u00f3n de glaciares y del ambiente periglacial. La\u00a0C\u00e1mara de Diputados aprob\u00f3\u00a0este mi\u00e9rcoles la\u00a0reforma a la Ley de Glaciares\u00a0impulsada por el Gobierno, tras una\u00a0marat\u00f3nica [&hellip;]<\/p>\n","protected":false},"author":2,"featured_media":8879,"comment_status":"open","ping_status":"open","sticky":false,"template":"","format":"standard","meta":{"footnotes":""},"categories":[64],"tags":[],"class_list":{"0":"post-8876","1":"post","2":"type-post","3":"status-publish","4":"format-standard","5":"has-post-thumbnail","7":"category-nacionales"},"_links":{"self":[{"href":"https:\/\/elpueblonoticia.com.ar\/web\/wp-json\/wp\/v2\/posts\/8876","targetHints":{"allow":["GET"]}}],"collection":[{"href":"https:\/\/elpueblonoticia.com.ar\/web\/wp-json\/wp\/v2\/posts"}],"about":[{"href":"https:\/\/elpueblonoticia.com.ar\/web\/wp-json\/wp\/v2\/types\/post"}],"author":[{"embeddable":true,"href":"https:\/\/elpueblonoticia.com.ar\/web\/wp-json\/wp\/v2\/users\/2"}],"replies":[{"embeddable":true,"href":"https:\/\/elpueblonoticia.com.ar\/web\/wp-json\/wp\/v2\/comments?post=8876"}],"version-history":[{"count":2,"href":"https:\/\/elpueblonoticia.com.ar\/web\/wp-json\/wp\/v2\/posts\/8876\/revisions"}],"predecessor-version":[{"id":8922,"href":"https:\/\/elpueblonoticia.com.ar\/web\/wp-json\/wp\/v2\/posts\/8876\/revisions\/8922"}],"wp:featuredmedia":[{"embeddable":true,"href":"https:\/\/elpueblonoticia.com.ar\/web\/wp-json\/wp\/v2\/media\/8879"}],"wp:attachment":[{"href":"https:\/\/elpueblonoticia.com.ar\/web\/wp-json\/wp\/v2\/media?parent=8876"}],"wp:term":[{"taxonomy":"category","embeddable":true,"href":"https:\/\/elpueblonoticia.com.ar\/web\/wp-json\/wp\/v2\/categories?post=8876"},{"taxonomy":"post_tag","embeddable":true,"href":"https:\/\/elpueblonoticia.com.ar\/web\/wp-json\/wp\/v2\/tags?post=8876"}],"curies":[{"name":"wp","href":"https:\/\/api.w.org\/{rel}","templated":true}]}}