{"id":8852,"date":"2026-04-09T20:22:07","date_gmt":"2026-04-09T23:22:07","guid":{"rendered":"https:\/\/elpueblonoticia.com.ar\/web\/?p=8852"},"modified":"2026-04-09T20:22:07","modified_gmt":"2026-04-09T23:22:07","slug":"el-topo-gigio-de-riquelme-a-macri-cumple-25-anos-el-gesto-que-marco-una-epoca-en-boca","status":"publish","type":"post","link":"https:\/\/elpueblonoticia.com.ar\/web\/2026\/04\/09\/el-topo-gigio-de-riquelme-a-macri-cumple-25-anos-el-gesto-que-marco-una-epoca-en-boca\/","title":{"rendered":"El &#8220;topo gigio&#8221; de Riquelme a Macri cumple 25 a\u00f1os: El gesto que marc\u00f3 una \u00e9poca en Boca"},"content":{"rendered":"<div class=\"title\">Aquel festejo del actual presidente del Xeneize en el Supercl\u00e1sico de 2001 trascendi\u00f3 el resultado y se convirti\u00f3 en un s\u00edmbolo de rebeld\u00eda, conflicto y despedida anticipada.<\/div>\n<div class=\"title\"><\/div>\n<section class=\"detail-body first-paragraph\">\n<section class=\"body-content note-body content-protected-false\" data-twitter-link=\"&lt;a href=\">\n<p data-start=\"234\" data-end=\"729\">Hay escenas que atraviesan generaciones y quedan grabadas para siempre en la memoria del f\u00fatbol. Una de ellas tiene como protagonista a Juan Rom\u00e1n Riquelme,\u00a0quien un\u00a08 de abril de 2001\u00a0protagoniz\u00f3 uno de los festejos m\u00e1s emblem\u00e1ticos de la historia de\u00a0Boca.\u00a0Aquella noche, en un\u00a0Supercl\u00e1sico\u00a0inolvidable ante\u00a0River,\u00a0el enganche no solo brill\u00f3 dentro de la cancha, sino que dej\u00f3 una imagen que todav\u00eda hoy sigue dando vueltas por el mundo:\u00a0<span id=\"saysCMSEmphasis6nphndbauff\" class=\"saysCMSEmphasis\">el famoso Topo Gigio mirando al palco.<\/span><\/p>\n<\/section>\n<\/section>\n<section class=\"detail-body second-paragraph\">\n<section class=\"body-content note-body content-protected-false\">\n<p data-start=\"731\" data-end=\"1098\">El contexto no era uno m\u00e1s. El Xeneize atravesaba una etapa dorada bajo la conducci\u00f3n de\u00a0Carlos Bianchi<strong>,<\/strong>\u00a0acumulando t\u00edtulos locales e internacionales, con Riquelme como eje futbol\u00edstico. Sin embargo, detr\u00e1s de ese \u00e9xito deportivo, comenzaba a gestarse un conflicto cada vez m\u00e1s evidente entre el jugador y la dirigencia encabezada por\u00a0Mauricio Macri<strong>.<\/strong><\/p>\n<section class=\"detail-body\">\n<section class=\"body-content note-body content-protected-false\">\n<p data-start=\"1100\" data-end=\"1422\">La tensi\u00f3n ten\u00eda un origen claro:\u00a0una disputa contractual. El mediocampista entend\u00eda que su salario no estaba acorde al rol que cumpl\u00eda dentro del equipo, mientras que desde el club se sosten\u00eda que el v\u00ednculo vigente deb\u00eda respetarse. En ese ida y vuelta, la relaci\u00f3n fue deterior\u00e1ndose hasta llegar a un punto de quiebre. El partido ante el Millonario fue el escenario perfecto para exteriorizar ese malestar.<\/p>\n<\/section>\n<\/section>\n<section class=\"detail-body\">\n<section class=\"body-content note-body content-protected-false\">\n<p data-start=\"1424\" data-end=\"1737\">La camiseta azul y oro ya ganaba y dominaba el encuentro cuando, promediando el segundo tiempo, el por ese entonces joven que hab\u00eda heredado el n\u00famero 10 de Diego Maradona ejecut\u00f3 un penal que fue atajado por Franco Costanzo, pero aprovech\u00f3 el rebote para marcar el segundo gol. A partir de ah\u00ed, ocurri\u00f3 lo inesperado.<\/p>\n<section class=\"detail-body\">\n<section class=\"body-content note-body content-protected-false\">\n<h2 data-start=\"1424\" data-end=\"1737\"><strong>El Topo Gigio, el festejo de Riquelme que qued\u00f3 en la historia de Boca<\/strong><\/h2>\n<p data-start=\"1739\" data-end=\"2114\">Lejos de celebrar con sus compa\u00f1eros o con el p\u00fablico,\u00a0el \u201c10\u201d corri\u00f3 hasta la mitad de la cancha, se detuvo y realiz\u00f3 un gesto tan simple como contundente: se llev\u00f3 las manos a las orejas y qued\u00f3 inm\u00f3vil mirando hacia el palco oficial. El mensaje ten\u00eda un destinatario claro. Era una respuesta directa a la dirigencia, un reclamo p\u00fablico en medio de una fiesta futbol\u00edstica.<\/p>\n<\/section>\n<\/section>\n<section class=\"detail-body\">\n<section class=\"body-content note-body content-protected-false\">\n<p data-start=\"2116\" data-end=\"2364\">Cuando termin\u00f3 el partido, intent\u00f3 bajarle el tono con una frase<\/p>\n<p data-start=\"2366\" data-end=\"2676\">Con la relaci\u00f3n completamente desgastada y en medio de la implementaci\u00f3n de un \u201ctecho salarial\u201d, su salida se volvi\u00f3 inevitable. Poco tiempo despu\u00e9s, el Barcelona de Espa\u00f1a ejecut\u00f3 una transferencia r\u00e9cord para el f\u00fatbol argentino y se llev\u00f3 al enganche, poniendo punto final a un ciclo que hab\u00eda sido tan exitoso como conflictivo en sus \u00faltimos cap\u00edtulos.<\/p>\n<p data-start=\"2897\" data-end=\"3176\" data-is-last-node=\"\" data-is-only-node=\"\">A\u00a025 a\u00f1os de aquella noche, el Topo Gigio sigue siendo mucho m\u00e1s que un festejo. Es la s\u00edntesis de un estilo, de una personalidad y de una \u00e9poca en la que el talento conviv\u00eda con la rebeld\u00eda. Un mensaje sin palabras que todav\u00eda resuena en la historia grande del f\u00fatbol argentino.<\/p>\n<p data-start=\"2116\" data-end=\"2364\"><span id=\"saysCMSEmphasis34w7b3g7n6j\" class=\"saysCMSEmphasis\">\u00a0\u201cEl festejo es para mi hija, porque le gusta el Topo Gigio\u201d dijo Rom\u00e1n al final del partido<\/span>. Nadie dud\u00f3 de que se trataba de una iron\u00eda cargada de significado. La grieta ya era inocultable. Aquel gesto no solo se convirti\u00f3 en una marca registrada de Riquelme, replicada en distintas partes del mundo, sino que adem\u00e1s marc\u00f3 el inicio del final de su primera etapa en el club de la Ribera.<\/p>\n<\/section>\n<\/section>\n<\/section>\n<\/section>\n<\/section>\n<\/section>\n","protected":false},"excerpt":{"rendered":"<p>Aquel festejo del actual presidente del Xeneize en el Supercl\u00e1sico de 2001 trascendi\u00f3 el resultado y se convirti\u00f3 en un s\u00edmbolo de rebeld\u00eda, conflicto y despedida anticipada. Hay escenas que atraviesan generaciones y quedan grabadas para siempre en la memoria del f\u00fatbol. Una de ellas tiene como protagonista a Juan Rom\u00e1n Riquelme,\u00a0quien un\u00a08 de abril [&hellip;]<\/p>\n","protected":false},"author":2,"featured_media":8853,"comment_status":"open","ping_status":"open","sticky":false,"template":"","format":"standard","meta":{"footnotes":""},"categories":[76],"tags":[],"class_list":{"0":"post-8852","1":"post","2":"type-post","3":"status-publish","4":"format-standard","5":"has-post-thumbnail","7":"category-deportes"},"_links":{"self":[{"href":"https:\/\/elpueblonoticia.com.ar\/web\/wp-json\/wp\/v2\/posts\/8852","targetHints":{"allow":["GET"]}}],"collection":[{"href":"https:\/\/elpueblonoticia.com.ar\/web\/wp-json\/wp\/v2\/posts"}],"about":[{"href":"https:\/\/elpueblonoticia.com.ar\/web\/wp-json\/wp\/v2\/types\/post"}],"author":[{"embeddable":true,"href":"https:\/\/elpueblonoticia.com.ar\/web\/wp-json\/wp\/v2\/users\/2"}],"replies":[{"embeddable":true,"href":"https:\/\/elpueblonoticia.com.ar\/web\/wp-json\/wp\/v2\/comments?post=8852"}],"version-history":[{"count":1,"href":"https:\/\/elpueblonoticia.com.ar\/web\/wp-json\/wp\/v2\/posts\/8852\/revisions"}],"predecessor-version":[{"id":8854,"href":"https:\/\/elpueblonoticia.com.ar\/web\/wp-json\/wp\/v2\/posts\/8852\/revisions\/8854"}],"wp:featuredmedia":[{"embeddable":true,"href":"https:\/\/elpueblonoticia.com.ar\/web\/wp-json\/wp\/v2\/media\/8853"}],"wp:attachment":[{"href":"https:\/\/elpueblonoticia.com.ar\/web\/wp-json\/wp\/v2\/media?parent=8852"}],"wp:term":[{"taxonomy":"category","embeddable":true,"href":"https:\/\/elpueblonoticia.com.ar\/web\/wp-json\/wp\/v2\/categories?post=8852"},{"taxonomy":"post_tag","embeddable":true,"href":"https:\/\/elpueblonoticia.com.ar\/web\/wp-json\/wp\/v2\/tags?post=8852"}],"curies":[{"name":"wp","href":"https:\/\/api.w.org\/{rel}","templated":true}]}}