{"id":8846,"date":"2026-04-09T20:14:04","date_gmt":"2026-04-09T23:14:04","guid":{"rendered":"https:\/\/elpueblonoticia.com.ar\/web\/?p=8846"},"modified":"2026-04-09T20:14:04","modified_gmt":"2026-04-09T23:14:04","slug":"mundial-de-pesca-la-expo-goya-promete-una-edicion-historica-con-innovaciones-y-lleno-total","status":"publish","type":"post","link":"https:\/\/elpueblonoticia.com.ar\/web\/2026\/04\/09\/mundial-de-pesca-la-expo-goya-promete-una-edicion-historica-con-innovaciones-y-lleno-total\/","title":{"rendered":"Mundial de Pesca: La Expo Goya promete una edici\u00f3n hist\u00f3rica con innovaciones y lleno total"},"content":{"rendered":"<div class=\"xdj266r x14z9mp xat24cr x1lziwak x1vvkbs x126k92a\">\n<div dir=\"auto\">La Expo Goya se perfila como uno de los grandes atractivos de la Fiesta Nacional del Surub\u00ed. Francisco Di Filippo, responsable del \u00e1rea, comparti\u00f3 su entusiasmo, donde destac\u00f3 el intenso trabajo de la COMUPE y el crecimiento exponencial que ha tenido el evento en la \u00faltima d\u00e9cada. Se mostr\u00f3 sumamente satisfecho con el grupo de trabajo.<\/div>\n<div><\/div>\n<\/div>\n<div class=\"x14z9mp xat24cr x1lziwak x1vvkbs xtlvy1s x126k92a\">\n<div dir=\"auto\">&#8220;Es una comisi\u00f3n muy linda, llena de camarader\u00eda y con gente que tiene muchas ganas de trabajar. Conformamos un equipo muy bueno&#8221;, expres\u00f3 durante el programa que conduce el doctor Daniel Merello por LT6. La organizaci\u00f3n confirm\u00f3 que la asignaci\u00f3n de stands est\u00e1 completa, &#8220;hay un enorme inter\u00e9s de empresas locales, nacionales e internacionales por ser parte de la muestra&#8221;.<\/div>\n<\/div>\n<div class=\"x14z9mp xat24cr x1lziwak x1vvkbs xtlvy1s x126k92a\">\n<div dir=\"auto\"><\/div>\n<\/div>\n<div class=\"x14z9mp xat24cr x1lziwak x1vvkbs xtlvy1s x126k92a\">\n<div dir=\"auto\">Adelant\u00f3 cambios estrat\u00e9gicos dise\u00f1ados para mejorar la calidad y la circulaci\u00f3n del p\u00fablico: &#8220;Vamos a tener un sector &#8216;Aire Libre&#8217;, que ser\u00e1 un espacio nuevo dedicado a todo lo relacionado con el mundo de la pesca. Contaremos con la presencia de una reconocida firma japonesa y astilleros prestigiosos de Argentina. Se han definido sectores m\u00e1s claros para facilitar el recorrido y un polo gastron\u00f3mico renovado&#8221;. indic\u00f3.<\/div>\n<\/div>\n","protected":false},"excerpt":{"rendered":"<p>La Expo Goya se perfila como uno de los grandes atractivos de la Fiesta Nacional del Surub\u00ed. Francisco Di Filippo, responsable del \u00e1rea, comparti\u00f3 su entusiasmo, donde destac\u00f3 el intenso trabajo de la COMUPE y el crecimiento exponencial que ha tenido el evento en la \u00faltima d\u00e9cada. Se mostr\u00f3 sumamente satisfecho con el grupo de [&hellip;]<\/p>\n","protected":false},"author":2,"featured_media":8847,"comment_status":"open","ping_status":"open","sticky":false,"template":"","format":"standard","meta":{"footnotes":""},"categories":[56],"tags":[],"class_list":{"0":"post-8846","1":"post","2":"type-post","3":"status-publish","4":"format-standard","5":"has-post-thumbnail","7":"category-locales"},"_links":{"self":[{"href":"https:\/\/elpueblonoticia.com.ar\/web\/wp-json\/wp\/v2\/posts\/8846","targetHints":{"allow":["GET"]}}],"collection":[{"href":"https:\/\/elpueblonoticia.com.ar\/web\/wp-json\/wp\/v2\/posts"}],"about":[{"href":"https:\/\/elpueblonoticia.com.ar\/web\/wp-json\/wp\/v2\/types\/post"}],"author":[{"embeddable":true,"href":"https:\/\/elpueblonoticia.com.ar\/web\/wp-json\/wp\/v2\/users\/2"}],"replies":[{"embeddable":true,"href":"https:\/\/elpueblonoticia.com.ar\/web\/wp-json\/wp\/v2\/comments?post=8846"}],"version-history":[{"count":1,"href":"https:\/\/elpueblonoticia.com.ar\/web\/wp-json\/wp\/v2\/posts\/8846\/revisions"}],"predecessor-version":[{"id":8848,"href":"https:\/\/elpueblonoticia.com.ar\/web\/wp-json\/wp\/v2\/posts\/8846\/revisions\/8848"}],"wp:featuredmedia":[{"embeddable":true,"href":"https:\/\/elpueblonoticia.com.ar\/web\/wp-json\/wp\/v2\/media\/8847"}],"wp:attachment":[{"href":"https:\/\/elpueblonoticia.com.ar\/web\/wp-json\/wp\/v2\/media?parent=8846"}],"wp:term":[{"taxonomy":"category","embeddable":true,"href":"https:\/\/elpueblonoticia.com.ar\/web\/wp-json\/wp\/v2\/categories?post=8846"},{"taxonomy":"post_tag","embeddable":true,"href":"https:\/\/elpueblonoticia.com.ar\/web\/wp-json\/wp\/v2\/tags?post=8846"}],"curies":[{"name":"wp","href":"https:\/\/api.w.org\/{rel}","templated":true}]}}