{"id":8834,"date":"2026-04-09T20:00:55","date_gmt":"2026-04-09T23:00:55","guid":{"rendered":"https:\/\/elpueblonoticia.com.ar\/web\/?p=8834"},"modified":"2026-04-09T20:00:55","modified_gmt":"2026-04-09T23:00:55","slug":"operativo-integral-para-la-fns-2026-la-policia-de-goya-refuerza-la-seguridad-dentro-y-fuera-de-la-ciudad","status":"publish","type":"post","link":"https:\/\/elpueblonoticia.com.ar\/web\/2026\/04\/09\/operativo-integral-para-la-fns-2026-la-policia-de-goya-refuerza-la-seguridad-dentro-y-fuera-de-la-ciudad\/","title":{"rendered":"Operativo integral para la fns 2026 : La polic\u00eda de Goya refuerza la seguridad dentro y fuera de la ciudad"},"content":{"rendered":"<p>El comisario Valent\u00edn Morales adelant\u00f3 que se ultiman detalles de un amplio dispositivo con controles vehiculares, presencia en el predio Costa Surub\u00ed y refuerzos policiales, en el marco de una fiesta multitudinaria.<\/p>\n<p>Adem\u00e1s, destac\u00f3 acciones de prevenci\u00f3n, capacitaciones a la comunidad y el compromiso de mantener altos niveles de esclarecimiento del delito sin descuidar la cercan\u00eda con los vecinos.<\/p>\n<p>De cara a uno de los eventos m\u00e1s convocantes de la regi\u00f3n, la Fiesta Nacional del Surub\u00ed, la Polic\u00eda ya trabaja en un operativo integral de seguridad.<\/p>\n<p>\u201cEstamos llevando adelante la planificaci\u00f3n del dispositivo especial, haciendo los \u00faltimos ajustes de acuerdo al organigrama de la organizaci\u00f3n. Vamos a poner a disposici\u00f3n todos los recursos y seguramente tambi\u00e9n recibiremos refuerzos de la Jefatura de Polic\u00eda\u201d, adelant\u00f3.<\/p>\n<p>El despliegue incluir\u00e1 controles dentro y fuera de la ciudad: \u201cVamos a hacer especial hincapi\u00e9 en el ordenamiento vehicular, tanto en la ciudad como en las rutas que conectan Goya, para atender al turista y que se sienta seguro\u201d.<\/p>\n<p>Asimismo, se diagramaron dispositivos espec\u00edficos: \u201cDentro de la ciudad habr\u00e1 un operativo exclusivo para el cuidado preventivo, y otro grupo estar\u00e1 trabajando dentro del predio Costa Surub\u00ed para brindar seguridad a quienes concurren a los eventos\u201d.<\/p>\n<p>\u201cSabemos que es una fiesta multitudinaria, con gran afluencia de personas, por lo que tenemos que estar preparados y tambi\u00e9n la ciudadan\u00eda, para que entre todos logremos que se desarrolle en un marco de absoluta normalidad\u201d, sostuvo.<\/p>\n<p><strong>CAPACITACI\u00d3N Y SERVICIO A LA COMUNIDAD<\/strong><\/p>\n<p>En paralelo, la Polic\u00eda de Goya contin\u00faa con acciones de prevenci\u00f3n y cercan\u00eda con la comunidad. \u201cA trav\u00e9s de la Comisar\u00eda de la Mujer y la Comisar\u00eda Primera se vienen brindando charlas para prevenir delitos virtuales y situaciones de \u00edndole sexual\u201d, explic\u00f3 Morales.<\/p>\n<p>Tambi\u00e9n destac\u00f3 intervenciones concretas del personal, como la asistencia brindada por la Comisar\u00eda Quinta a una mujer embarazada que requer\u00eda traslado urgente al hospital.<\/p>\n<p>\u201cLa multiplicidad de tareas hace que tengamos que estar preparados en todos los aspectos. La ciudadan\u00eda acude a la Polic\u00eda porque tiene un problema y busca una soluci\u00f3n, y tenemos que estar en frecuencia con ellos\u201d, afirm\u00f3.<\/p>\n<p>Finalmente, Morales reconoci\u00f3 que, si bien \u201cno existe el delito cero\u201d, en Goya se trabaja con un \u201calto \u00edndice de esclarecimiento\u201d, remarcando la importancia de no relajarse: \u201cNo hay que quedarse en los logros, sino seguir trabajando para bajar el \u00edndice delictual y que quienes cometan delitos paguen ante la ley\u201d.<\/p>\n","protected":false},"excerpt":{"rendered":"<p>El comisario Valent\u00edn Morales adelant\u00f3 que se ultiman detalles de un amplio dispositivo con controles vehiculares, presencia en el predio Costa Surub\u00ed y refuerzos policiales, en el marco de una fiesta multitudinaria. Adem\u00e1s, destac\u00f3 acciones de prevenci\u00f3n, capacitaciones a la comunidad y el compromiso de mantener altos niveles de esclarecimiento del delito sin descuidar la [&hellip;]<\/p>\n","protected":false},"author":2,"featured_media":8835,"comment_status":"open","ping_status":"open","sticky":false,"template":"","format":"standard","meta":{"footnotes":""},"categories":[56],"tags":[],"class_list":{"0":"post-8834","1":"post","2":"type-post","3":"status-publish","4":"format-standard","5":"has-post-thumbnail","7":"category-locales"},"_links":{"self":[{"href":"https:\/\/elpueblonoticia.com.ar\/web\/wp-json\/wp\/v2\/posts\/8834","targetHints":{"allow":["GET"]}}],"collection":[{"href":"https:\/\/elpueblonoticia.com.ar\/web\/wp-json\/wp\/v2\/posts"}],"about":[{"href":"https:\/\/elpueblonoticia.com.ar\/web\/wp-json\/wp\/v2\/types\/post"}],"author":[{"embeddable":true,"href":"https:\/\/elpueblonoticia.com.ar\/web\/wp-json\/wp\/v2\/users\/2"}],"replies":[{"embeddable":true,"href":"https:\/\/elpueblonoticia.com.ar\/web\/wp-json\/wp\/v2\/comments?post=8834"}],"version-history":[{"count":1,"href":"https:\/\/elpueblonoticia.com.ar\/web\/wp-json\/wp\/v2\/posts\/8834\/revisions"}],"predecessor-version":[{"id":8836,"href":"https:\/\/elpueblonoticia.com.ar\/web\/wp-json\/wp\/v2\/posts\/8834\/revisions\/8836"}],"wp:featuredmedia":[{"embeddable":true,"href":"https:\/\/elpueblonoticia.com.ar\/web\/wp-json\/wp\/v2\/media\/8835"}],"wp:attachment":[{"href":"https:\/\/elpueblonoticia.com.ar\/web\/wp-json\/wp\/v2\/media?parent=8834"}],"wp:term":[{"taxonomy":"category","embeddable":true,"href":"https:\/\/elpueblonoticia.com.ar\/web\/wp-json\/wp\/v2\/categories?post=8834"},{"taxonomy":"post_tag","embeddable":true,"href":"https:\/\/elpueblonoticia.com.ar\/web\/wp-json\/wp\/v2\/tags?post=8834"}],"curies":[{"name":"wp","href":"https:\/\/api.w.org\/{rel}","templated":true}]}}