{"id":8821,"date":"2026-04-09T09:02:25","date_gmt":"2026-04-09T12:02:25","guid":{"rendered":"https:\/\/elpueblonoticia.com.ar\/web\/?p=8821"},"modified":"2026-04-09T09:05:01","modified_gmt":"2026-04-09T12:05:01","slug":"el-concejo-deliberante-puso-primera-definieron-agenda-comisiones-y-avanzan-en-proyectos-clave-para-la-ciudad","status":"publish","type":"post","link":"https:\/\/elpueblonoticia.com.ar\/web\/2026\/04\/09\/el-concejo-deliberante-puso-primera-definieron-agenda-comisiones-y-avanzan-en-proyectos-clave-para-la-ciudad\/","title":{"rendered":"El Concejo Deliberante  definio agenda, comisiones y avanzan en proyectos clave para la ciudad"},"content":{"rendered":"<p><strong>Municipales<\/strong><\/p>\n<p>Jueves 9 de Abril de 2026<\/p>\n<div class=\"xdj266r x14z9mp xat24cr x1lziwak x1vvkbs x126k92a\">\n<div dir=\"auto\"><\/div>\n<\/div>\n<div class=\"x14z9mp xat24cr x1lziwak x1vvkbs xtlvy1s x126k92a\">\n<div dir=\"auto\">En la II\u00b0 Sesi\u00f3n Ordinaria, el cuerpo legislativo de Paso de los Libres, encabezado por su presidente, el Dr. Oscar Jorge Vischi, estableci\u00f3 d\u00edas y horarios de funcionamiento, conform\u00f3 sus comisiones de trabajo y dio ingreso a iniciativas vinculadas a servicios, educaci\u00f3n, infraestructura y medios de comunicaci\u00f3n.<\/div>\n<\/div>\n<div class=\"x14z9mp xat24cr x1lziwak x1vvkbs xtlvy1s x126k92a\">\n<div dir=\"auto\">El Concejo Deliberante de Paso de los Libres llev\u00f3 adelante este mi\u00e9rcoles 8 de abril su II\u00b0 Sesi\u00f3n Ordinaria del per\u00edodo 2026, bajo la presidencia del Dr. Oscar Jorge Vischi, marcando el inicio efectivo de la actividad legislativa con definiciones clave para el funcionamiento del cuerpo y el tratamiento de temas de inter\u00e9s comunitario.<\/div>\n<\/div>\n<div class=\"x14z9mp xat24cr x1lziwak x1vvkbs xtlvy1s x126k92a\">\n<div dir=\"auto\">La jornada comenz\u00f3 con la constataci\u00f3n del qu\u00f3rum y el izamiento de los pabellones nacional, provincial y municipal, a cargo de los concejales F\u00e9lix Ricardo Barboza, C\u00e9sar Donaldo Bar\u00e9s y Tania Soledad Bonpland. Posteriormente, se aprobaron por unanimidad las actas de la sesi\u00f3n anterior, consolidando el orden institucional.<\/div>\n<\/div>\n<div class=\"x14z9mp xat24cr x1lziwak x1vvkbs xtlvy1s x126k92a\">\n<div dir=\"auto\">Uno de los ejes centrales fue la definici\u00f3n del esquema de trabajo para el a\u00f1o legislativo, estableciendo tambi\u00e9n por unanimidad que las sesiones ordinarias se realizar\u00e1n todos los mi\u00e9rcoles a las 10:30 horas.<\/div>\n<\/div>\n<div class=\"x14z9mp xat24cr x1lziwak x1vvkbs xtlvy1s x126k92a\">\n<div dir=\"auto\">Comisiones conformadas<\/div>\n<\/div>\n<div class=\"x14z9mp xat24cr x1lziwak x1vvkbs xtlvy1s x126k92a\">\n<div dir=\"auto\">Durante la sesi\u00f3n se avanz\u00f3 en la organizaci\u00f3n interna del cuerpo con la conformaci\u00f3n de las comisiones permanentes.<\/div>\n<\/div>\n<div class=\"x14z9mp xat24cr x1lziwak x1vvkbs xtlvy1s x126k92a\">\n<div dir=\"auto\">La Comisi\u00f3n de Legislaci\u00f3n, Hacienda y Obras P\u00fablicas qued\u00f3 integrada por Marcelo Jos\u00e9 Cuevas, C\u00e9sar Donaldo Bar\u00e9s, F\u00e9lix Ricardo Barboza, Mat\u00edas Adri\u00e1n Almeida, Tania Soledad Bonpland y Lisandro Pablo Vera.<\/div>\n<\/div>\n<div class=\"x14z9mp xat24cr x1lziwak x1vvkbs xtlvy1s x126k92a\">\n<div dir=\"auto\">En tanto, la Comisi\u00f3n de Cultura, Educaci\u00f3n, Salud P\u00fablica, Acci\u00f3n Social, Ecolog\u00eda, Medio Ambiente, Mercosur, Deporte, Turismo, Prensa y Propaganda estar\u00e1 conformada por Carolina Daiana Baldi, Susana Catalina Espinoza, Mar\u00eda del Carmen Danuzzo, Adriana Rita de Luj\u00e1n Fern\u00e1ndez, Fernando Maximiliano N\u00fa\u00f1ez y Miguel Mateo Arias.<\/div>\n<div dir=\"auto\">Ingreso de proyectos y demandas sociales.<\/div>\n<\/div>\n<div class=\"x14z9mp xat24cr x1lziwak x1vvkbs xtlvy1s x126k92a\">\n<div dir=\"auto\">La sesi\u00f3n tambi\u00e9n estuvo marcada por el ingreso de diversos asuntos presentados por vecinos, instituciones y actores sociales, que fueron girados a las comisiones correspondientes para su an\u00e1lisis.<\/div>\n<\/div>\n<div class=\"x14z9mp xat24cr x1lziwak x1vvkbs xtlvy1s x126k92a\">\n<div dir=\"auto\">Entre los temas que comenzar\u00e1n a ser tratados se destacan:<\/div>\n<\/div>\n<div class=\"x14z9mp xat24cr x1lziwak x1vvkbs xtlvy1s x126k92a\">\n<div dir=\"auto\">Cuestiones de infraestructura urbana.<\/div>\n<\/div>\n<div class=\"x14z9mp xat24cr x1lziwak x1vvkbs xtlvy1s x126k92a\">\n<div dir=\"auto\">Problem\u00e1ticas sociales.<\/div>\n<\/div>\n<div class=\"x14z9mp xat24cr x1lziwak x1vvkbs xtlvy1s x126k92a\">\n<div dir=\"auto\">Proyectos educativos y culturales.<\/div>\n<\/div>\n<div class=\"x14z9mp xat24cr x1lziwak x1vvkbs xtlvy1s x126k92a\">\n<div dir=\"auto\">Reclamos vinculados a servicios p\u00fablicos y espacios comunitarios<\/div>\n<\/div>\n<div class=\"x14z9mp xat24cr x1lziwak x1vvkbs xtlvy1s x126k92a\">\n<div dir=\"auto\">Asimismo, ingresaron proyectos de comunicaci\u00f3n y ordenanza relacionados con la situaci\u00f3n de la emisora LT12 Radio General Madariaga, el acceso al boleto estudiantil gratuito, la construcci\u00f3n de nichos en el Cementerio de la Santa Cruz y la firma de convenios para mejoras en el alumbrado p\u00fablico.<\/div>\n<\/div>\n<div class=\"x14z9mp xat24cr x1lziwak x1vvkbs xtlvy1s x126k92a\">\n<div dir=\"auto\">Inicio de una nueva etapa legislativa<\/div>\n<\/div>\n<div class=\"x14z9mp xat24cr x1lziwak x1vvkbs xtlvy1s x126k92a\">\n<div dir=\"auto\">Con estas definiciones, el Concejo Deliberante de Paso de los Libres da inicio a un nuevo per\u00edodo de trabajo, en el que el an\u00e1lisis en comisiones y el debate en el recinto ser\u00e1n claves para avanzar en soluciones concretas para la comunidad.<\/div>\n<\/div>\n<div class=\"x14z9mp xat24cr x1lziwak x1vvkbs xtlvy1s x126k92a\">\n<div dir=\"auto\">El desarrollo de la sesi\u00f3n, encabezada por el Dr. Oscar J. Vischi, dej\u00f3 en claro la intenci\u00f3n de sostener una agenda activa, con eje en las demandas ciudadanas y el fortalecimiento del \u00e1mbito institucional como espacio de discusi\u00f3n y construcci\u00f3n de pol\u00edticas p\u00fablicas locales.<\/div>\n<\/div>\n","protected":false},"excerpt":{"rendered":"<p>Municipales Jueves 9 de Abril de 2026 En la II\u00b0 Sesi\u00f3n Ordinaria, el cuerpo legislativo de Paso de los Libres, encabezado por su presidente, el Dr. Oscar Jorge Vischi, estableci\u00f3 d\u00edas y horarios de funcionamiento, conform\u00f3 sus comisiones de trabajo y dio ingreso a iniciativas vinculadas a servicios, educaci\u00f3n, infraestructura y medios de comunicaci\u00f3n. El [&hellip;]<\/p>\n","protected":false},"author":2,"featured_media":8822,"comment_status":"open","ping_status":"open","sticky":false,"template":"","format":"standard","meta":{"footnotes":""},"categories":[77],"tags":[],"class_list":{"0":"post-8821","1":"post","2":"type-post","3":"status-publish","4":"format-standard","5":"has-post-thumbnail","7":"category-paso-de-los-libres"},"_links":{"self":[{"href":"https:\/\/elpueblonoticia.com.ar\/web\/wp-json\/wp\/v2\/posts\/8821","targetHints":{"allow":["GET"]}}],"collection":[{"href":"https:\/\/elpueblonoticia.com.ar\/web\/wp-json\/wp\/v2\/posts"}],"about":[{"href":"https:\/\/elpueblonoticia.com.ar\/web\/wp-json\/wp\/v2\/types\/post"}],"author":[{"embeddable":true,"href":"https:\/\/elpueblonoticia.com.ar\/web\/wp-json\/wp\/v2\/users\/2"}],"replies":[{"embeddable":true,"href":"https:\/\/elpueblonoticia.com.ar\/web\/wp-json\/wp\/v2\/comments?post=8821"}],"version-history":[{"count":2,"href":"https:\/\/elpueblonoticia.com.ar\/web\/wp-json\/wp\/v2\/posts\/8821\/revisions"}],"predecessor-version":[{"id":8824,"href":"https:\/\/elpueblonoticia.com.ar\/web\/wp-json\/wp\/v2\/posts\/8821\/revisions\/8824"}],"wp:featuredmedia":[{"embeddable":true,"href":"https:\/\/elpueblonoticia.com.ar\/web\/wp-json\/wp\/v2\/media\/8822"}],"wp:attachment":[{"href":"https:\/\/elpueblonoticia.com.ar\/web\/wp-json\/wp\/v2\/media?parent=8821"}],"wp:term":[{"taxonomy":"category","embeddable":true,"href":"https:\/\/elpueblonoticia.com.ar\/web\/wp-json\/wp\/v2\/categories?post=8821"},{"taxonomy":"post_tag","embeddable":true,"href":"https:\/\/elpueblonoticia.com.ar\/web\/wp-json\/wp\/v2\/tags?post=8821"}],"curies":[{"name":"wp","href":"https:\/\/api.w.org\/{rel}","templated":true}]}}