{"id":8812,"date":"2026-04-09T08:32:55","date_gmt":"2026-04-09T11:32:55","guid":{"rendered":"https:\/\/elpueblonoticia.com.ar\/web\/?p=8812"},"modified":"2026-04-09T08:32:55","modified_gmt":"2026-04-09T11:32:55","slug":"la-escribana-de-adorni-aseguro-que-no-hubo-un-prestamo-para-la-adquisicion-de-las-viviendas","status":"publish","type":"post","link":"https:\/\/elpueblonoticia.com.ar\/web\/2026\/04\/09\/la-escribana-de-adorni-aseguro-que-no-hubo-un-prestamo-para-la-adquisicion-de-las-viviendas\/","title":{"rendered":"La escribana de Adorni asegur\u00f3 que \u201cno hubo un pr\u00e9stamo\u201d para la adquisici\u00f3n de las viviendas"},"content":{"rendered":"<div id=\"modalIntrotext\">\n<div>Adriana Nechevenko de Schuster se present\u00f3 ante el fiscal federal Gerardo Pollicita para explicar c\u00f3mo valid\u00f3 las propiedades del jefe de Gabinete.<\/div>\n<div>Buenos Aires, 8 abril (NA) \u2013 Adriana Nechevenko de Schuster, la escribana que valid\u00f3 las escrituras de los dos inmuebles que posee a Manuel Adorni en el barrio porte\u00f1o de Caballito y en un country de Exaltaci\u00f3n de la Cruz, se present\u00f3 ante el fiscal Gerardo Pollicita y, despu\u00e9s de asegurar que &#8220;hab\u00eda contestado todas las preguntas\u201d, esboz\u00f3 que \u201cno hubo un pr\u00e9stamo\u201d para la adquisici\u00f3n de las viviendas.<\/p>\n<p>Su declaraci\u00f3n, que forma parte de la investigaci\u00f3n por presunto enriquecimiento il\u00edcito contra el actual jefe de Gabinete, dur\u00f3 m\u00e1s de dos horas y seg\u00fan supo la Agencia Noticias Argentinas, habr\u00eda indicado que fue una compra-venta &#8220;con una hipoteca por saldo de precio\u201d y remarc\u00f3 que \u201chace muchos a\u00f1os\u201d tiene un v\u00ednculo profesional y laboral tanto con Adorni como con su esposa, Bettina Angeletti.<\/p>\n<p>En la misma l\u00ednea, trascendi\u00f3 que Nechevenko present\u00f3 toda la documentaci\u00f3n requerida por el fiscal, sin embargo, al llegar al lugar, la escribana le adelant\u00f3 a la prensa y asegur\u00f3 que &#8220;no iba a explicar absolutamente nada&#8221;.<\/p>\n<p>Paralelamente, se investiga su pasado profesional, debido a reportes que la vinculan con servicios prestados anteriormente a organizaciones de narcotr\u00e1fico. Esta declaraci\u00f3n se suma a otras medidas en la causa, como la reciente citaci\u00f3n a las cuatro jubiladas que figuran como prestamistas del funcionario.<\/p>\n<p>Por otro lado, las cuatro mujeres que le facilitaron hipotecas no bancarias al jefe de Gabinete, Manuel Adorni, que le permitieron comprar dos propiedades, fueron citadas a declarar por el fiscal Gerardo Pollicita.<\/p>\n<p>Se trata de Claudia Sbabo y Beatriz Viegas (que facilitaron la compra del departamento de Caballito en la calle Mir\u00f3 donde en la actualidad vive Adorni) y Graciela Isabel Molina y Victoria Mar\u00eda Jos\u00e9 Cancio, que le otorgaron una hipoteca privada en un inmueble de la calle Asamblea, en el mismo barrio porte\u00f1o.<\/p>\n<p>Las dos primeras fueron citadas este jueves 9 y las otras dos mujeres, el lunes 13.<\/p>\n<p>#AgenciaNA<\/p><\/div>\n<\/div>\n","protected":false},"excerpt":{"rendered":"<p>Adriana Nechevenko de Schuster se present\u00f3 ante el fiscal federal Gerardo Pollicita para explicar c\u00f3mo valid\u00f3 las propiedades del jefe de Gabinete. Buenos Aires, 8 abril (NA) \u2013 Adriana Nechevenko de Schuster, la escribana que valid\u00f3 las escrituras de los dos inmuebles que posee a Manuel Adorni en el barrio porte\u00f1o de Caballito y en [&hellip;]<\/p>\n","protected":false},"author":2,"featured_media":8813,"comment_status":"open","ping_status":"open","sticky":false,"template":"","format":"standard","meta":{"footnotes":""},"categories":[64],"tags":[],"class_list":{"0":"post-8812","1":"post","2":"type-post","3":"status-publish","4":"format-standard","5":"has-post-thumbnail","7":"category-nacionales"},"_links":{"self":[{"href":"https:\/\/elpueblonoticia.com.ar\/web\/wp-json\/wp\/v2\/posts\/8812","targetHints":{"allow":["GET"]}}],"collection":[{"href":"https:\/\/elpueblonoticia.com.ar\/web\/wp-json\/wp\/v2\/posts"}],"about":[{"href":"https:\/\/elpueblonoticia.com.ar\/web\/wp-json\/wp\/v2\/types\/post"}],"author":[{"embeddable":true,"href":"https:\/\/elpueblonoticia.com.ar\/web\/wp-json\/wp\/v2\/users\/2"}],"replies":[{"embeddable":true,"href":"https:\/\/elpueblonoticia.com.ar\/web\/wp-json\/wp\/v2\/comments?post=8812"}],"version-history":[{"count":1,"href":"https:\/\/elpueblonoticia.com.ar\/web\/wp-json\/wp\/v2\/posts\/8812\/revisions"}],"predecessor-version":[{"id":8814,"href":"https:\/\/elpueblonoticia.com.ar\/web\/wp-json\/wp\/v2\/posts\/8812\/revisions\/8814"}],"wp:featuredmedia":[{"embeddable":true,"href":"https:\/\/elpueblonoticia.com.ar\/web\/wp-json\/wp\/v2\/media\/8813"}],"wp:attachment":[{"href":"https:\/\/elpueblonoticia.com.ar\/web\/wp-json\/wp\/v2\/media?parent=8812"}],"wp:term":[{"taxonomy":"category","embeddable":true,"href":"https:\/\/elpueblonoticia.com.ar\/web\/wp-json\/wp\/v2\/categories?post=8812"},{"taxonomy":"post_tag","embeddable":true,"href":"https:\/\/elpueblonoticia.com.ar\/web\/wp-json\/wp\/v2\/tags?post=8812"}],"curies":[{"name":"wp","href":"https:\/\/api.w.org\/{rel}","templated":true}]}}