{"id":8805,"date":"2026-04-08T23:00:10","date_gmt":"2026-04-09T02:00:10","guid":{"rendered":"https:\/\/elpueblonoticia.com.ar\/web\/?p=8805"},"modified":"2026-04-08T23:00:10","modified_gmt":"2026-04-09T02:00:10","slug":"comenzo-la-renovacion-de-la-plaza-espana-en-paso-de-los-libres","status":"publish","type":"post","link":"https:\/\/elpueblonoticia.com.ar\/web\/2026\/04\/08\/comenzo-la-renovacion-de-la-plaza-espana-en-paso-de-los-libres\/","title":{"rendered":"Comenz\u00f3 la renovaci\u00f3n de la Plaza Espa\u00f1a en Paso de los Libres"},"content":{"rendered":"<p><strong>Informaci\u00f3n general<\/strong><\/p>\n<p>8 de Abril de 2026<\/p>\n<p>La Municipalidad de Paso de los Libres dio inicio a una obra largamente esperada: la renovaci\u00f3n integral de la Plaza Espa\u00f1a, uno de los espacios p\u00fablicos m\u00e1s representativos de la ciudad, que permanec\u00eda paralizado y que hoy vuelve a ponerse en marcha.<\/p>\n<p>El intendente Agust\u00edn Faraldo destac\u00f3 el inicio de los trabajos como parte del compromiso asumido por la gesti\u00f3n de recuperar y poner en valor los espacios p\u00fablicos, dando respuesta a una demanda sostenida de los vecinos.<\/p>\n<p>Con el reinicio de la obra, el Municipio avanza en la transformaci\u00f3n de este lugar, con el objetivo de convertirlo en un espacio m\u00e1s moderno, seguro y pensado para el disfrute de los libre\u00f1os.<\/p>\n<p>La intervenci\u00f3n forma parte de una pol\u00edtica de mejora y renovaci\u00f3n urbana, promoviendo espacios de encuentro, recreaci\u00f3n y convivencia.<\/p>\n<p>De esta manera, la gesti\u00f3n municipal contin\u00faa impulsando acciones concretas que acompa\u00f1an el crecimiento de la ciudad y mejoran la calidad de vida de los vecinos.<\/p>\n","protected":false},"excerpt":{"rendered":"<p>Informaci\u00f3n general 8 de Abril de 2026 La Municipalidad de Paso de los Libres dio inicio a una obra largamente esperada: la renovaci\u00f3n integral de la Plaza Espa\u00f1a, uno de los espacios p\u00fablicos m\u00e1s representativos de la ciudad, que permanec\u00eda paralizado y que hoy vuelve a ponerse en marcha. El intendente Agust\u00edn Faraldo destac\u00f3 el [&hellip;]<\/p>\n","protected":false},"author":2,"featured_media":8806,"comment_status":"open","ping_status":"open","sticky":false,"template":"","format":"standard","meta":{"footnotes":""},"categories":[77],"tags":[],"class_list":{"0":"post-8805","1":"post","2":"type-post","3":"status-publish","4":"format-standard","5":"has-post-thumbnail","7":"category-paso-de-los-libres"},"_links":{"self":[{"href":"https:\/\/elpueblonoticia.com.ar\/web\/wp-json\/wp\/v2\/posts\/8805","targetHints":{"allow":["GET"]}}],"collection":[{"href":"https:\/\/elpueblonoticia.com.ar\/web\/wp-json\/wp\/v2\/posts"}],"about":[{"href":"https:\/\/elpueblonoticia.com.ar\/web\/wp-json\/wp\/v2\/types\/post"}],"author":[{"embeddable":true,"href":"https:\/\/elpueblonoticia.com.ar\/web\/wp-json\/wp\/v2\/users\/2"}],"replies":[{"embeddable":true,"href":"https:\/\/elpueblonoticia.com.ar\/web\/wp-json\/wp\/v2\/comments?post=8805"}],"version-history":[{"count":1,"href":"https:\/\/elpueblonoticia.com.ar\/web\/wp-json\/wp\/v2\/posts\/8805\/revisions"}],"predecessor-version":[{"id":8807,"href":"https:\/\/elpueblonoticia.com.ar\/web\/wp-json\/wp\/v2\/posts\/8805\/revisions\/8807"}],"wp:featuredmedia":[{"embeddable":true,"href":"https:\/\/elpueblonoticia.com.ar\/web\/wp-json\/wp\/v2\/media\/8806"}],"wp:attachment":[{"href":"https:\/\/elpueblonoticia.com.ar\/web\/wp-json\/wp\/v2\/media?parent=8805"}],"wp:term":[{"taxonomy":"category","embeddable":true,"href":"https:\/\/elpueblonoticia.com.ar\/web\/wp-json\/wp\/v2\/categories?post=8805"},{"taxonomy":"post_tag","embeddable":true,"href":"https:\/\/elpueblonoticia.com.ar\/web\/wp-json\/wp\/v2\/tags?post=8805"}],"curies":[{"name":"wp","href":"https:\/\/api.w.org\/{rel}","templated":true}]}}