{"id":8801,"date":"2026-04-08T15:32:18","date_gmt":"2026-04-08T18:32:18","guid":{"rendered":"https:\/\/elpueblonoticia.com.ar\/web\/?p=8801"},"modified":"2026-04-08T15:32:18","modified_gmt":"2026-04-08T18:32:18","slug":"ultimas-semanas-de-inscripcion-hasta-cuando-hay-tiempo-para-anotarse-en-las-becas-progresar-2026","status":"publish","type":"post","link":"https:\/\/elpueblonoticia.com.ar\/web\/2026\/04\/08\/ultimas-semanas-de-inscripcion-hasta-cuando-hay-tiempo-para-anotarse-en-las-becas-progresar-2026\/","title":{"rendered":"Ultimas semanas de inscripci\u00f3n: Hasta cu\u00e1ndo hay tiempo para anotarse en las becas progresar 2026"},"content":{"rendered":"<div>\n<div class=\"article-body__subheadline\">El programa educativo mantendr\u00e1 abiertas distintas l\u00edneas de inscripci\u00f3n durante abril. Cu\u00e1les son las fechas claves, sus requisitos y montos.<\/div>\n<p>&nbsp;<\/p>\n<p class=\"article-body__paragraph\">Las<strong>\u00a0<\/strong>Becas Progresar\u00a0contin\u00faan con la primera convocatoria de este a\u00f1o y comenzaron las\u00a0\u00faltimas semanas de inscripci\u00f3n\u00a0para quienes buscan acceder al apoyo econ\u00f3mico para poder continuar con sus estudios.<\/p>\n<p class=\"article-body__paragraph\">Durante abril\u00a0se concentran las fechas m\u00e1s importantes para quienes cursan la escuela secundaria o estudios superiores, por lo que es clave conocer los plazos y requisitos para no quedar afuera.<\/p>\n<h2 class=\"article-body__heading-h2\"><strong>Cu\u00e1l es la fecha l\u00edmite de inscripci\u00f3n para Progresar Obligatorio y Superior<\/strong><\/h2>\n<p class=\"article-body__paragraph\">La inscripci\u00f3n\u00a0a<strong>\u00a0Progresar Obligatorio<\/strong>, que est\u00e1 destinada a estudiantes del nivel secundario, se encuentra abierta\u00a0<strong>desde el 27 de marzo y se extender\u00e1 hasta el 24 de abril.<\/strong><\/p>\n<p class=\"article-body__paragraph\">En tanto, la l\u00ednea\u00a0Progresar Superior, dirigida a estudiantes de nivel terciario, universitario y enfermer\u00eda,\u00a0abri\u00f3 el 6 de abril y podr\u00e1 completarse hasta el 30 de abril. Por su parte, la l\u00ednea de\u00a0Formaci\u00f3n Profesional tendr\u00e1 su apertura el 27 de abril y permanecer\u00e1 disponible hasta el 27 de noviembre.<\/p>\n<h2 class=\"article-body__heading-h2\"><strong>C\u00f3mo inscribirse a las Becas Progresar 2026: paso a paso<\/strong><\/h2>\n<p class=\"article-body__paragraph\">El tr\u00e1mite de inscripci\u00f3n se realiza de manera online y consta de unos simples pasos:<\/p>\n<ol class=\"article-body__list-ol\">\n<li class=\"article-body__list-item\"><span class=\"article-body__list-span\"><strong>Ingresar al sitio oficial:\u00a0<\/strong>acceder a la plataforma Progresar. Quienes no tengan usuario deber\u00e1n crear uno nuevo.<\/span><\/li>\n<li class=\"article-body__list-item\"><span class=\"article-body__list-span\"><strong>Seleccionar la l\u00ednea del programa:<\/strong>\u00a0elegir la beca correspondiente e ingresar con usuario y contrase\u00f1a.<\/span><\/li>\n<li class=\"article-body__list-item\"><span class=\"article-body__list-span\"><strong>Completar los datos:<\/strong>\u00a0llenar el formulario en tres etapas: datos personales, encuesta y datos acad\u00e9micos.<\/span><\/li>\n<li class=\"article-body__list-item\"><span class=\"article-body__list-span\"><strong>Esperar los resultados:<\/strong>\u00a0una vez finalizada la inscripci\u00f3n, se podr\u00e1 seguir el estado de la solicitud y consultar las comunicaciones oficiales desde la misma plataforma.<\/span><\/li>\n<\/ol>\n<h2 class=\"article-body__heading-h2\"><strong>Montos y requisitos actualizados de las Becas Progresar<\/strong><\/h2>\n<p class=\"article-body__paragraph\">En abril de 2026,\u00a0<strong>el monto general de las Becas Progresar es de $35.000.\u00a0<\/strong>Sin embargo, en la mayor\u00eda de las l\u00edneas se retiene un porcentaje hasta fin de a\u00f1o, por lo que\u00a0<strong>los beneficiarios reciben mensualmente $28.000\u00a0<\/strong>y el resto se acredita tras certificar la regularidad acad\u00e9mica.<\/p>\n<p class=\"article-body__paragraph\"><strong>Requisitos principales:<\/strong><\/p>\n<ul class=\"article-body__list-ul\">\n<li class=\"article-body__list-item\"><span class=\"article-body__list-span\">Tener nacionalidad argentina o residencia legal de al menos dos a\u00f1os y contar con DNI.<\/span><\/li>\n<li class=\"article-body__list-item\"><span class=\"article-body__list-span\">Ser alumno regular en una instituci\u00f3n educativa.<\/span><\/li>\n<li class=\"article-body__list-item\"><span class=\"article-body__list-span\">Tener entre 14 y 16 a\u00f1os (con excepciones que ampl\u00edan la edad m\u00e1xima seg\u00fan situaci\u00f3n personal).<\/span><\/li>\n<li class=\"article-body__list-item\"><span class=\"article-body__list-span\">Que el ingreso del grupo familiar no supere tres veces el Salario M\u00ednimo, Vital y M\u00f3vil.<\/span><\/li>\n<\/ul>\n<p class=\"article-body__paragraph\">El programa busca garantizar el acceso, permanencia y finalizaci\u00f3n de estudios, vinculando el beneficio econ\u00f3mico con la asistencia a clases y el cumplimiento de objetivos educativos.<\/p>\n<\/div>\n<div class=\"s2s_supra_contenedor lang_directon_right s2sdefault  align_left  s2s_balloon_bottom \">\n<div class=\"s2s_contenedor  s2s_no_text  s2s-btn-group\">\n<div class=\"s2s_twitter s2s_btn s2s-btn-xs \"><i class=\"s2sfo fo-twitter\"><\/i><\/p>\n<div class=\"globo s2s_globo_closed s2s_twitter_iframe\">\n<div class=\"s2s_flecha\"><\/div>\n<\/div>\n<\/div>\n<div class=\"s2s_facebook s2s_btn s2s-btn-xs \"><i class=\"s2sfo fo-facebook\"><\/i><\/p>\n<div class=\"globo s2s_globo_closed s2s_facebook_iframe\">\n<div class=\"s2s_flecha\"><\/div>\n<div id=\"fb-root\"><\/div>\n<\/div>\n<\/div>\n<div class=\"s2s_wapp s2s_btn s2s-btn-xs  \"><i class=\"s2sfo fo-whatsapp\"><\/i><\/p>\n<div class=\"globo s2s_globo_closed s2s_wapp_iframe\">\n<div class=\"s2s_flecha\"><\/div>\n<p><i class=\"s2sfo fo-whatsapp\" aria-hidden=\"true\"><\/i><\/div>\n<\/div>\n<\/div>\n<div class=\"s2s_credits_wrapper\"><\/div>\n<\/div>\n","protected":false},"excerpt":{"rendered":"<p>El programa educativo mantendr\u00e1 abiertas distintas l\u00edneas de inscripci\u00f3n durante abril. Cu\u00e1les son las fechas claves, sus requisitos y montos. &nbsp; Las\u00a0Becas Progresar\u00a0contin\u00faan con la primera convocatoria de este a\u00f1o y comenzaron las\u00a0\u00faltimas semanas de inscripci\u00f3n\u00a0para quienes buscan acceder al apoyo econ\u00f3mico para poder continuar con sus estudios. Durante abril\u00a0se concentran las fechas m\u00e1s importantes [&hellip;]<\/p>\n","protected":false},"author":2,"featured_media":8802,"comment_status":"open","ping_status":"open","sticky":false,"template":"","format":"standard","meta":{"footnotes":""},"categories":[64],"tags":[],"class_list":{"0":"post-8801","1":"post","2":"type-post","3":"status-publish","4":"format-standard","5":"has-post-thumbnail","7":"category-nacionales"},"_links":{"self":[{"href":"https:\/\/elpueblonoticia.com.ar\/web\/wp-json\/wp\/v2\/posts\/8801","targetHints":{"allow":["GET"]}}],"collection":[{"href":"https:\/\/elpueblonoticia.com.ar\/web\/wp-json\/wp\/v2\/posts"}],"about":[{"href":"https:\/\/elpueblonoticia.com.ar\/web\/wp-json\/wp\/v2\/types\/post"}],"author":[{"embeddable":true,"href":"https:\/\/elpueblonoticia.com.ar\/web\/wp-json\/wp\/v2\/users\/2"}],"replies":[{"embeddable":true,"href":"https:\/\/elpueblonoticia.com.ar\/web\/wp-json\/wp\/v2\/comments?post=8801"}],"version-history":[{"count":1,"href":"https:\/\/elpueblonoticia.com.ar\/web\/wp-json\/wp\/v2\/posts\/8801\/revisions"}],"predecessor-version":[{"id":8803,"href":"https:\/\/elpueblonoticia.com.ar\/web\/wp-json\/wp\/v2\/posts\/8801\/revisions\/8803"}],"wp:featuredmedia":[{"embeddable":true,"href":"https:\/\/elpueblonoticia.com.ar\/web\/wp-json\/wp\/v2\/media\/8802"}],"wp:attachment":[{"href":"https:\/\/elpueblonoticia.com.ar\/web\/wp-json\/wp\/v2\/media?parent=8801"}],"wp:term":[{"taxonomy":"category","embeddable":true,"href":"https:\/\/elpueblonoticia.com.ar\/web\/wp-json\/wp\/v2\/categories?post=8801"},{"taxonomy":"post_tag","embeddable":true,"href":"https:\/\/elpueblonoticia.com.ar\/web\/wp-json\/wp\/v2\/tags?post=8801"}],"curies":[{"name":"wp","href":"https:\/\/api.w.org\/{rel}","templated":true}]}}