{"id":8792,"date":"2026-04-08T15:24:43","date_gmt":"2026-04-08T18:24:43","guid":{"rendered":"https:\/\/elpueblonoticia.com.ar\/web\/?p=8792"},"modified":"2026-04-08T15:24:43","modified_gmt":"2026-04-08T18:24:43","slug":"plus-unificado-entre-este-9-y-el-15-gobierno-de-corrientes-paga-el-beneficio-de-abril","status":"publish","type":"post","link":"https:\/\/elpueblonoticia.com.ar\/web\/2026\/04\/08\/plus-unificado-entre-este-9-y-el-15-gobierno-de-corrientes-paga-el-beneficio-de-abril\/","title":{"rendered":"Plus Unificado: Entre este 9 y el 15, gobierno de Corrientes paga el beneficio de Abril"},"content":{"rendered":"<p>El Adicional Remunerativo Mensual alcanza a los agentes de la administraci\u00f3n p\u00fablica provincial, activos, jubilados y pensionados. Compone el Ingreso Salarial Mensual, junto con el Plus de Refuerzo y el haber.<\/p>\n<p>Entre este jueves 9 y el pr\u00f3ximo d\u00eda 15, el Gobierno de Corrientes pagar\u00e1 el Adicional Remunerativo Mensual (Plus Unificado) de $110 mil por beneficiario, correspondiente al mes de abril. Percibir\u00e1n los agentes de la administraci\u00f3n p\u00fablica provincial, activos, jubilados y pensionados.<\/p>\n<p>El Plus Unificado conforma el Ingreso Salarial Mensual, que se completa con el Plus de Refuerzo y haberes, y que cobran los agentes de la administraci\u00f3n p\u00fablica provincial.<\/p>\n<p>El cronograma comienza este jueves 9, jornada que percibir\u00e1n los agentes con Documento Nacional de Identidad terminados en n\u00fameros 0 y 1. El viernes 10, ser\u00e1 d\u00eda de pago a aquellos con DNI finalizados en 2 y 3.<\/p>\n<p>El lunes 13, percibir\u00e1n los agentes con documentos terminados en 4 y 5; este tramo estar\u00e1 disponible desde el s\u00e1bado 11, a trav\u00e9s del homebanking de la caja sueldo de cada agente y, tambi\u00e9n, en los cajeros autom\u00e1ticos habilitados por el Banco de Corrientes SA.<\/p>\n<p>El cronograma contin\u00faa el martes 14, para los agentes con DNI terminados en 6 y 7; y el pago del Adicional Remunerativo Mensual (Plus Unificado) de abril, finaliza el mi\u00e9rcoles 15, fecha de cobro de los beneficiarios con DNI finalizados en n\u00fameros 8 y 9.<\/p>\n<p>&nbsp;<\/p>\n<p><img decoding=\"async\" src=\"https:\/\/scontent.fres2-1.fna.fbcdn.net\/v\/t39.30808-6\/668680812_1378313881004514_5767636668798145735_n.jpg?_nc_cat=1&amp;ccb=1-7&amp;_nc_sid=7b2446&amp;_nc_eui2=AeEWNrbIU_-4ceq8wsOFRpx9t8rhIm7-Oyi3yuEibv47KJy-LQzju9jfsUvQzkwD91dH1q-dhUowkzpeIXqcz0gK&amp;_nc_ohc=LHDcyBRQYrYQ7kNvwG9mPxS&amp;_nc_oc=AdqiT2vNNOzPUwfqHskcXTwNq_l1z-bLWq8ydaS75BOLePuZoF7co2QXrIdZKITyj7U&amp;_nc_zt=23&amp;_nc_ht=scontent.fres2-1.fna&amp;_nc_gid=Q2scwAnIGDGkkkYkcANUSQ&amp;_nc_ss=7a3a8&amp;oh=00_Af38KiA9RnYwBMen48l0KrmRoqCfbFguF9XJM_4hRY7eog&amp;oe=69DC359C\" alt=\"Puede ser una imagen de texto que dice &quot;1\u2022I ABRIL ABRIL2026 2026 CRONOGRAMA Pago de plus unificado para trabajadores provinciales activos y jubilados. Por terminaci\u00f3n de DNI: Oy1 Jueves 9 2y3 Viernes 10 10 4y5 Lunes 13 *Disponible en cajeros partir del 11 6y7 Martes 14 8y9 Mi\u00e9rcoles 15 GOBIERNO DE CORRIENTES&quot;\" \/><\/p>\n","protected":false},"excerpt":{"rendered":"<p>El Adicional Remunerativo Mensual alcanza a los agentes de la administraci\u00f3n p\u00fablica provincial, activos, jubilados y pensionados. Compone el Ingreso Salarial Mensual, junto con el Plus de Refuerzo y el haber. Entre este jueves 9 y el pr\u00f3ximo d\u00eda 15, el Gobierno de Corrientes pagar\u00e1 el Adicional Remunerativo Mensual (Plus Unificado) de $110 mil por [&hellip;]<\/p>\n","protected":false},"author":2,"featured_media":8793,"comment_status":"open","ping_status":"open","sticky":false,"template":"","format":"standard","meta":{"footnotes":""},"categories":[72],"tags":[],"class_list":{"0":"post-8792","1":"post","2":"type-post","3":"status-publish","4":"format-standard","5":"has-post-thumbnail","7":"category-provinciales"},"_links":{"self":[{"href":"https:\/\/elpueblonoticia.com.ar\/web\/wp-json\/wp\/v2\/posts\/8792","targetHints":{"allow":["GET"]}}],"collection":[{"href":"https:\/\/elpueblonoticia.com.ar\/web\/wp-json\/wp\/v2\/posts"}],"about":[{"href":"https:\/\/elpueblonoticia.com.ar\/web\/wp-json\/wp\/v2\/types\/post"}],"author":[{"embeddable":true,"href":"https:\/\/elpueblonoticia.com.ar\/web\/wp-json\/wp\/v2\/users\/2"}],"replies":[{"embeddable":true,"href":"https:\/\/elpueblonoticia.com.ar\/web\/wp-json\/wp\/v2\/comments?post=8792"}],"version-history":[{"count":1,"href":"https:\/\/elpueblonoticia.com.ar\/web\/wp-json\/wp\/v2\/posts\/8792\/revisions"}],"predecessor-version":[{"id":8794,"href":"https:\/\/elpueblonoticia.com.ar\/web\/wp-json\/wp\/v2\/posts\/8792\/revisions\/8794"}],"wp:featuredmedia":[{"embeddable":true,"href":"https:\/\/elpueblonoticia.com.ar\/web\/wp-json\/wp\/v2\/media\/8793"}],"wp:attachment":[{"href":"https:\/\/elpueblonoticia.com.ar\/web\/wp-json\/wp\/v2\/media?parent=8792"}],"wp:term":[{"taxonomy":"category","embeddable":true,"href":"https:\/\/elpueblonoticia.com.ar\/web\/wp-json\/wp\/v2\/categories?post=8792"},{"taxonomy":"post_tag","embeddable":true,"href":"https:\/\/elpueblonoticia.com.ar\/web\/wp-json\/wp\/v2\/tags?post=8792"}],"curies":[{"name":"wp","href":"https:\/\/api.w.org\/{rel}","templated":true}]}}