{"id":8780,"date":"2026-04-08T15:16:51","date_gmt":"2026-04-08T18:16:51","guid":{"rendered":"https:\/\/elpueblonoticia.com.ar\/web\/?p=8780"},"modified":"2026-04-08T15:16:51","modified_gmt":"2026-04-08T18:16:51","slug":"boca-debuto-con-un-triunfo-ante-universidad-catolica-por-copa-libertadores","status":"publish","type":"post","link":"https:\/\/elpueblonoticia.com.ar\/web\/2026\/04\/08\/boca-debuto-con-un-triunfo-ante-universidad-catolica-por-copa-libertadores\/","title":{"rendered":"Boca debut\u00f3 con un triunfo ante Universidad Cat\u00f3lica por Copa Libertadores"},"content":{"rendered":"<div>El Xeneize volvi\u00f3 a la fase de grupos de la Copa Libertadores tras dos temporadas y arranc\u00f3 su camino de la mejor manera.<\/div>\n<div><\/div>\n<section class=\"detail-body first-paragraph\">\n<section class=\"body-content-lbp note-body content-protected-false\" data-twitter-link=\"&lt;a href=\">\n<p data-start=\"237\" data-end=\"606\">La expectativa volvi\u00f3 a estar en lo m\u00e1s alto para\u00a0Boca, que este martes dio el puntapi\u00e9 inicial en su participaci\u00f3n en la\u00a0Copa Libertadores 2026.\u00a0El conjunto argentino\u00a0venci\u00f3 por 2-1 a\u00a0Universidad Cat\u00f3lica\u00a0en el\u00a0estadio San Carlos de Apoquindo, en el marco de la primera fecha del\u00a0Grupo D.<\/p>\n<\/section>\n<\/section>\n<section class=\"detail-body second-paragraph\">\n<section class=\"body-content-lbp note-body content-protected-false\">\n<p data-start=\"237\" data-end=\"606\">El encuentro cont\u00f3 con el arbitraje del uruguayo Gustavo Tejera, mientras que Christian Ferreyra estuvo a cargo del VAR.<\/p>\n<\/section>\n<\/section>\n<section class=\"detail-body\">\n<section class=\"body-content-lbp note-body content-protected-false\">\n<p data-start=\"2284\" data-end=\"2581\" data-is-last-node=\"\" data-is-only-node=\"\">Su pr\u00f3ximo duelo ser\u00e1 el martes 14\/4 contra Barcelona SC, por la segunda fecha de fase de grupos.<\/p>\n<\/section>\n<\/section>\n","protected":false},"excerpt":{"rendered":"<p>El Xeneize volvi\u00f3 a la fase de grupos de la Copa Libertadores tras dos temporadas y arranc\u00f3 su camino de la mejor manera. La expectativa volvi\u00f3 a estar en lo m\u00e1s alto para\u00a0Boca, que este martes dio el puntapi\u00e9 inicial en su participaci\u00f3n en la\u00a0Copa Libertadores 2026.\u00a0El conjunto argentino\u00a0venci\u00f3 por 2-1 a\u00a0Universidad Cat\u00f3lica\u00a0en el\u00a0estadio San [&hellip;]<\/p>\n","protected":false},"author":2,"featured_media":8781,"comment_status":"open","ping_status":"open","sticky":false,"template":"","format":"standard","meta":{"footnotes":""},"categories":[76],"tags":[],"class_list":{"0":"post-8780","1":"post","2":"type-post","3":"status-publish","4":"format-standard","5":"has-post-thumbnail","7":"category-deportes"},"_links":{"self":[{"href":"https:\/\/elpueblonoticia.com.ar\/web\/wp-json\/wp\/v2\/posts\/8780","targetHints":{"allow":["GET"]}}],"collection":[{"href":"https:\/\/elpueblonoticia.com.ar\/web\/wp-json\/wp\/v2\/posts"}],"about":[{"href":"https:\/\/elpueblonoticia.com.ar\/web\/wp-json\/wp\/v2\/types\/post"}],"author":[{"embeddable":true,"href":"https:\/\/elpueblonoticia.com.ar\/web\/wp-json\/wp\/v2\/users\/2"}],"replies":[{"embeddable":true,"href":"https:\/\/elpueblonoticia.com.ar\/web\/wp-json\/wp\/v2\/comments?post=8780"}],"version-history":[{"count":1,"href":"https:\/\/elpueblonoticia.com.ar\/web\/wp-json\/wp\/v2\/posts\/8780\/revisions"}],"predecessor-version":[{"id":8782,"href":"https:\/\/elpueblonoticia.com.ar\/web\/wp-json\/wp\/v2\/posts\/8780\/revisions\/8782"}],"wp:featuredmedia":[{"embeddable":true,"href":"https:\/\/elpueblonoticia.com.ar\/web\/wp-json\/wp\/v2\/media\/8781"}],"wp:attachment":[{"href":"https:\/\/elpueblonoticia.com.ar\/web\/wp-json\/wp\/v2\/media?parent=8780"}],"wp:term":[{"taxonomy":"category","embeddable":true,"href":"https:\/\/elpueblonoticia.com.ar\/web\/wp-json\/wp\/v2\/categories?post=8780"},{"taxonomy":"post_tag","embeddable":true,"href":"https:\/\/elpueblonoticia.com.ar\/web\/wp-json\/wp\/v2\/tags?post=8780"}],"curies":[{"name":"wp","href":"https:\/\/api.w.org\/{rel}","templated":true}]}}