{"id":8765,"date":"2026-04-08T15:04:31","date_gmt":"2026-04-08T18:04:31","guid":{"rendered":"https:\/\/elpueblonoticia.com.ar\/web\/?p=8765"},"modified":"2026-04-08T15:04:31","modified_gmt":"2026-04-08T18:04:31","slug":"choque-entre-camion-de-hortalizas-y-camioneta-en-ruta-provincial-n-27","status":"publish","type":"post","link":"https:\/\/elpueblonoticia.com.ar\/web\/2026\/04\/08\/choque-entre-camion-de-hortalizas-y-camioneta-en-ruta-provincial-n-27\/","title":{"rendered":"Choque entre cami\u00f3n de hortalizas y camioneta en ruta provincial n\u00b0 27"},"content":{"rendered":"<p>En horas de la ma\u00f1ana de ayer se produjo una colisi\u00f3n entre un cami\u00f3n, cargado de hortalizas y una camioneta Amarok. El hecho sucedi\u00f3 a dos kil\u00f3metros al norte de la localidad correntina de Lavalle, sobre Ruta Provincial 27 Corrientes.<\/p>\n<p>Como resultado del choque, se registr\u00f3 un herido leve y da\u00f1os materiales en los rodados. Personal de policia, salud y bomberos voluntarios intervinieron de la zona.<\/p>\n<p>&nbsp;<\/p>\n","protected":false},"excerpt":{"rendered":"<p>En horas de la ma\u00f1ana de ayer se produjo una colisi\u00f3n entre un cami\u00f3n, cargado de hortalizas y una camioneta Amarok. El hecho sucedi\u00f3 a dos kil\u00f3metros al norte de la localidad correntina de Lavalle, sobre Ruta Provincial 27 Corrientes. Como resultado del choque, se registr\u00f3 un herido leve y da\u00f1os materiales en los rodados. [&hellip;]<\/p>\n","protected":false},"author":2,"featured_media":8766,"comment_status":"open","ping_status":"open","sticky":false,"template":"","format":"standard","meta":{"footnotes":""},"categories":[68],"tags":[],"class_list":{"0":"post-8765","1":"post","2":"type-post","3":"status-publish","4":"format-standard","5":"has-post-thumbnail","7":"category-policiales-nacionales"},"_links":{"self":[{"href":"https:\/\/elpueblonoticia.com.ar\/web\/wp-json\/wp\/v2\/posts\/8765","targetHints":{"allow":["GET"]}}],"collection":[{"href":"https:\/\/elpueblonoticia.com.ar\/web\/wp-json\/wp\/v2\/posts"}],"about":[{"href":"https:\/\/elpueblonoticia.com.ar\/web\/wp-json\/wp\/v2\/types\/post"}],"author":[{"embeddable":true,"href":"https:\/\/elpueblonoticia.com.ar\/web\/wp-json\/wp\/v2\/users\/2"}],"replies":[{"embeddable":true,"href":"https:\/\/elpueblonoticia.com.ar\/web\/wp-json\/wp\/v2\/comments?post=8765"}],"version-history":[{"count":1,"href":"https:\/\/elpueblonoticia.com.ar\/web\/wp-json\/wp\/v2\/posts\/8765\/revisions"}],"predecessor-version":[{"id":8767,"href":"https:\/\/elpueblonoticia.com.ar\/web\/wp-json\/wp\/v2\/posts\/8765\/revisions\/8767"}],"wp:featuredmedia":[{"embeddable":true,"href":"https:\/\/elpueblonoticia.com.ar\/web\/wp-json\/wp\/v2\/media\/8766"}],"wp:attachment":[{"href":"https:\/\/elpueblonoticia.com.ar\/web\/wp-json\/wp\/v2\/media?parent=8765"}],"wp:term":[{"taxonomy":"category","embeddable":true,"href":"https:\/\/elpueblonoticia.com.ar\/web\/wp-json\/wp\/v2\/categories?post=8765"},{"taxonomy":"post_tag","embeddable":true,"href":"https:\/\/elpueblonoticia.com.ar\/web\/wp-json\/wp\/v2\/tags?post=8765"}],"curies":[{"name":"wp","href":"https:\/\/api.w.org\/{rel}","templated":true}]}}