{"id":8762,"date":"2026-04-08T15:02:56","date_gmt":"2026-04-08T18:02:56","guid":{"rendered":"https:\/\/elpueblonoticia.com.ar\/web\/?p=8762"},"modified":"2026-04-08T15:02:56","modified_gmt":"2026-04-08T18:02:56","slug":"la-industria-textil-perdio-20-000-puestos-de-trabajo-registrado-desde-2023","status":"publish","type":"post","link":"https:\/\/elpueblonoticia.com.ar\/web\/2026\/04\/08\/la-industria-textil-perdio-20-000-puestos-de-trabajo-registrado-desde-2023\/","title":{"rendered":"La industria textil perdi\u00f3 20.000 puestos de trabajo registrado desde 2023"},"content":{"rendered":"<p>Hasta enero, el sector usaba el 24% de la capacidad instalada y la contracci\u00f3n interanual hab\u00eda sido del 23,9%. Alerta por la subfacturaci\u00f3n de las importaciones.<\/p>\n<p>El \u00faltimo informe de la\u00a0Federaci\u00f3n de Industrias Textiles Argentinas (FITA)\u00a0registr\u00f3 que la industria textil est\u00e1 usando solo el 24% de su capacidad instalada, que los despidos alcanzaron a 20.000 empleados formales y que la contracci\u00f3n interanual en enero fue del 23,9%,\u00a0&#8220;casi ocho veces mayor que el descenso de 3,2% observado en la industria en general&#8221;\u00a0y el nivel m\u00e1s bajo de toda la serie que inicia en 2016.<\/p>\n<p>En el primer mes de 2026,\u00a0la industria en general utiliz\u00f3 el 53,6% de su capacidad, mientras que en el sector textil ese nivel fue de apenas 24%, &#8220;unos 11,4 puntos porcentuales menos que el mes previo y 10,2 puntos menos que un a\u00f1o atr\u00e1s, lo que evidencia un incremento de la capacidad ociosa&#8221;.<\/p>\n<p>En cuanto a los puestos de trabajo, en diciembre de 2025, los sectores textil, confecci\u00f3n, cuero y calzado registraron 100.000 puestos formales,\u00a012.000 menos que el mismo mes de 2024.<\/p>\n<article class=\"article-body article-body--first-paragraph\">\n<p data-mrf-recirculation=\"Article - Paragraph Links\">&#8220;Desde febrero de 2024, el empleo de estos sectores presenta ca\u00eddas interanuales de forma ininterrumpida,\u00a0acumulando desde fines del 2023 una p\u00e9rdida que supera los 20.000 puestos de trabajo&#8221;, alertaron desde FITA.<\/p>\n<\/article>\n<article class=\"article-body article-body--first-paragraph\">\n<h2><strong>Alerta por subfacturaci\u00f3n de importaciones<\/strong><\/h2>\n<p data-mrf-recirculation=\"Article - Paragraph Links\">FITA advirti\u00f3 sobre\u00a0la creciente subfacturaci\u00f3n en las importaciones textiles, con m\u00e1s del 70% de los productos que ingresan en valores &#8220;significativamente inferiores\u00a0a los antecedentes hist\u00f3ricos y, en muchos casos, sin cubrir siquiera el costo de la principal materia prima&#8221;.<\/p>\n<p data-mrf-recirculation=\"Article - Paragraph Links\">El informe del organismo ejemplific\u00f3: &#8220;Se han registrado importaciones de remeras de algod\u00f3n por menos de u$s0,01, de toallas por debajo de u$s0,30 el kilo o pantalones de jean por debajo de u$s1. Estas pr\u00e1cticas generan profundas distorsiones en el mercado e implican competencia desleal para la producci\u00f3n nacional&#8221;.<\/p>\n<p data-mrf-recirculation=\"Article - Paragraph Links\">La gerenta general de\u00a0FITA, Celina Pena, afirm\u00f3 que &#8220;en un contexto de ca\u00edda de la actividad y el empleo, la existencia de un patr\u00f3n recurrente de\u00a0importaciones a precios llamativamente bajos demanda acciones que eviten distorsionesen las condiciones de competencia&#8221;.<\/p>\n<\/article>\n","protected":false},"excerpt":{"rendered":"<p>Hasta enero, el sector usaba el 24% de la capacidad instalada y la contracci\u00f3n interanual hab\u00eda sido del 23,9%. Alerta por la subfacturaci\u00f3n de las importaciones. El \u00faltimo informe de la\u00a0Federaci\u00f3n de Industrias Textiles Argentinas (FITA)\u00a0registr\u00f3 que la industria textil est\u00e1 usando solo el 24% de su capacidad instalada, que los despidos alcanzaron a 20.000 [&hellip;]<\/p>\n","protected":false},"author":2,"featured_media":8763,"comment_status":"open","ping_status":"open","sticky":false,"template":"","format":"standard","meta":{"footnotes":""},"categories":[65],"tags":[],"class_list":{"0":"post-8762","1":"post","2":"type-post","3":"status-publish","4":"format-standard","5":"has-post-thumbnail","7":"category-economia"},"_links":{"self":[{"href":"https:\/\/elpueblonoticia.com.ar\/web\/wp-json\/wp\/v2\/posts\/8762","targetHints":{"allow":["GET"]}}],"collection":[{"href":"https:\/\/elpueblonoticia.com.ar\/web\/wp-json\/wp\/v2\/posts"}],"about":[{"href":"https:\/\/elpueblonoticia.com.ar\/web\/wp-json\/wp\/v2\/types\/post"}],"author":[{"embeddable":true,"href":"https:\/\/elpueblonoticia.com.ar\/web\/wp-json\/wp\/v2\/users\/2"}],"replies":[{"embeddable":true,"href":"https:\/\/elpueblonoticia.com.ar\/web\/wp-json\/wp\/v2\/comments?post=8762"}],"version-history":[{"count":1,"href":"https:\/\/elpueblonoticia.com.ar\/web\/wp-json\/wp\/v2\/posts\/8762\/revisions"}],"predecessor-version":[{"id":8764,"href":"https:\/\/elpueblonoticia.com.ar\/web\/wp-json\/wp\/v2\/posts\/8762\/revisions\/8764"}],"wp:featuredmedia":[{"embeddable":true,"href":"https:\/\/elpueblonoticia.com.ar\/web\/wp-json\/wp\/v2\/media\/8763"}],"wp:attachment":[{"href":"https:\/\/elpueblonoticia.com.ar\/web\/wp-json\/wp\/v2\/media?parent=8762"}],"wp:term":[{"taxonomy":"category","embeddable":true,"href":"https:\/\/elpueblonoticia.com.ar\/web\/wp-json\/wp\/v2\/categories?post=8762"},{"taxonomy":"post_tag","embeddable":true,"href":"https:\/\/elpueblonoticia.com.ar\/web\/wp-json\/wp\/v2\/tags?post=8762"}],"curies":[{"name":"wp","href":"https:\/\/api.w.org\/{rel}","templated":true}]}}