{"id":8758,"date":"2026-04-08T15:00:59","date_gmt":"2026-04-08T18:00:59","guid":{"rendered":"https:\/\/elpueblonoticia.com.ar\/web\/?p=8758"},"modified":"2026-04-08T15:38:25","modified_gmt":"2026-04-08T18:38:25","slug":"el-papa-leon-xiv-califico-de-inaceptable-la-amenaza-de-donald-trump-contra-iran","status":"publish","type":"post","link":"https:\/\/elpueblonoticia.com.ar\/web\/2026\/04\/08\/el-papa-leon-xiv-califico-de-inaceptable-la-amenaza-de-donald-trump-contra-iran\/","title":{"rendered":"El Papa Le\u00f3n XIV calific\u00f3 de \u201cinaceptable\u201d la amenaza de Donald Trump contra Ir\u00e1n"},"content":{"rendered":"<p>El Sumo Pont\u00edfice pidi\u00f3 adem\u00e1s hacer \u201ctodo lo posible\u201d para \u201cdecir que no queremos la guerra, queremos la paz\u201d. El presidente de Estados Unidos amenaz\u00f3 con matar a toda la civilizaci\u00f3n iran\u00ed.<\/p>\n<p>El Papa Le\u00f3n XIV calific\u00f3 de \u201cinaceptable\u201d la amenaza de Donald Trump contra Ir\u00e1n y pidi\u00f3 hacer \u201ctodo lo posible\u201d para \u201cdecir que no queremos la guerra, queremos la paz\u201d.<\/p>\n<p>\u201cHoy, como todos sabemos, tambi\u00e9n ha habido esta amenaza contra todo el pueblo de Ir\u00e1n. Y esto realmente no es aceptable. Aqu\u00ed hay cuestiones ciertamente de derecho internacional, pero es mucho m\u00e1s una cuesti\u00f3n moral por el bien del pueblo, completo e \u00edntegro\u201d, dijo el Sumo Pont\u00edfice ante los medios en Castelgandolfo.<\/p>\n<p>El pont\u00edfice estadounidense invit\u00f3 a \u201crezar, pero tambi\u00e9n hacer o\u00edr nuestra voz ante los legisladores estadounidenses, para decir que no queremos la guerra, queremos la paz\u201d.<\/p>\n<p>\u201cQuisiera invitar a todos a pensar de verdad, en el coraz\u00f3n, en los tantos inocentes, los tantos ni\u00f1os, los tantos ancianos: totalmente inocentes que tambi\u00e9n ser\u00edan v\u00edctimas de esta escalada de una guerra que ha comenzado\u2026 Ya desde los primeros d\u00edas dec\u00edamos: volvamos al di\u00e1logo, a las negociaciones. Intentemos resolver los problemas sin llegar a este punto\u201d, agreg\u00f3.<\/p>\n<p>El Papa insisti\u00f3 en la necesidad de volver al di\u00e1logo y las negociaciones: \u201cIntentemos resolver los problemas sin llegar a este punto. (&#8230;) Quisiera invitar a todos a rezar, pero tambi\u00e9n a buscar c\u00f3mo comunicarse, quiz\u00e1s con los congresistas, con las autoridades, para decir que no queremos la guerra\u201d.<\/p>\n<p>\u201c\u00a1Queremos la paz! Somos un pueblo que ama la paz. \u00a1Hay tanta necesidad de paz en el mundo!\u201d, exclam\u00f3 Le\u00f3n XIV.<\/p>\n","protected":false},"excerpt":{"rendered":"<p>El Sumo Pont\u00edfice pidi\u00f3 adem\u00e1s hacer \u201ctodo lo posible\u201d para \u201cdecir que no queremos la guerra, queremos la paz\u201d. El presidente de Estados Unidos amenaz\u00f3 con matar a toda la civilizaci\u00f3n iran\u00ed. El Papa Le\u00f3n XIV calific\u00f3 de \u201cinaceptable\u201d la amenaza de Donald Trump contra Ir\u00e1n y pidi\u00f3 hacer \u201ctodo lo posible\u201d para \u201cdecir que [&hellip;]<\/p>\n","protected":false},"author":2,"featured_media":8760,"comment_status":"open","ping_status":"open","sticky":false,"template":"","format":"standard","meta":{"footnotes":""},"categories":[81],"tags":[],"class_list":{"0":"post-8758","1":"post","2":"type-post","3":"status-publish","4":"format-standard","5":"has-post-thumbnail","7":"category-internacionales"},"_links":{"self":[{"href":"https:\/\/elpueblonoticia.com.ar\/web\/wp-json\/wp\/v2\/posts\/8758","targetHints":{"allow":["GET"]}}],"collection":[{"href":"https:\/\/elpueblonoticia.com.ar\/web\/wp-json\/wp\/v2\/posts"}],"about":[{"href":"https:\/\/elpueblonoticia.com.ar\/web\/wp-json\/wp\/v2\/types\/post"}],"author":[{"embeddable":true,"href":"https:\/\/elpueblonoticia.com.ar\/web\/wp-json\/wp\/v2\/users\/2"}],"replies":[{"embeddable":true,"href":"https:\/\/elpueblonoticia.com.ar\/web\/wp-json\/wp\/v2\/comments?post=8758"}],"version-history":[{"count":1,"href":"https:\/\/elpueblonoticia.com.ar\/web\/wp-json\/wp\/v2\/posts\/8758\/revisions"}],"predecessor-version":[{"id":8761,"href":"https:\/\/elpueblonoticia.com.ar\/web\/wp-json\/wp\/v2\/posts\/8758\/revisions\/8761"}],"wp:featuredmedia":[{"embeddable":true,"href":"https:\/\/elpueblonoticia.com.ar\/web\/wp-json\/wp\/v2\/media\/8760"}],"wp:attachment":[{"href":"https:\/\/elpueblonoticia.com.ar\/web\/wp-json\/wp\/v2\/media?parent=8758"}],"wp:term":[{"taxonomy":"category","embeddable":true,"href":"https:\/\/elpueblonoticia.com.ar\/web\/wp-json\/wp\/v2\/categories?post=8758"},{"taxonomy":"post_tag","embeddable":true,"href":"https:\/\/elpueblonoticia.com.ar\/web\/wp-json\/wp\/v2\/tags?post=8758"}],"curies":[{"name":"wp","href":"https:\/\/api.w.org\/{rel}","templated":true}]}}