{"id":8754,"date":"2026-04-08T14:54:15","date_gmt":"2026-04-08T17:54:15","guid":{"rendered":"https:\/\/elpueblonoticia.com.ar\/web\/?p=8754"},"modified":"2026-04-08T14:56:31","modified_gmt":"2026-04-08T17:56:31","slug":"impacto-en-las-tarifas-de-luz-el-nuevo-sistema-nacional-solo-subsidiara-150-kwh-por-mes-en-corrientes","status":"publish","type":"post","link":"https:\/\/elpueblonoticia.com.ar\/web\/2026\/04\/08\/impacto-en-las-tarifas-de-luz-el-nuevo-sistema-nacional-solo-subsidiara-150-kwh-por-mes-en-corrientes\/","title":{"rendered":"Impacto en las tarifas de luz: El nuevo sistema nacional solo subsidiar\u00e1 150 kwh por mes en Corrientes"},"content":{"rendered":"<div class=\"article__headline\">Es por el nuevo Sistema de Subsidios Energ\u00e9ticos Focalizados (SEF). Todo consumo que supere ese l\u00edmite deber\u00e1 ser abonado a tarifa plena.<\/div>\n<p>&nbsp;<\/p>\n<p>Un fuerte impacto en las facturas de luz se avecina para los usuarios de la\u00a0Direcci\u00f3n Provincial de Energ\u00eda de Corrientes (DPEC). A partir del 1 de marzo de 2026, comenz\u00f3 a regir el nuevo esquema nacional de Subsidios Energ\u00e9ticos Focalizados (SEF), que reduce dr\u00e1sticamente el consumo protegido y deja el resto de la demanda sujeto a precios de mercado.<\/p>\n<p>Bajo este nuevo r\u00e9gimen, el Gobierno nacional dispuso que durante los meses de temperaturas moderadas (oto\u00f1o y primavera) la bonificaci\u00f3n del 50% solo cubra un bloque de\u00a0150 kWh por mes. Todo consumo que supere ese l\u00edmite deber\u00e1 ser abonado a tarifa plena, lo que representa un incremento del costo del kWh cercano al 100% seg\u00fan los valores de la tarifa nacional.<\/p>\n<h2><strong>El reclamo por el &#8220;clima&#8221; sigue en espera<\/strong><\/h2>\n<p>La entrada en vigencia de este recorte reactiv\u00f3 la discusi\u00f3n sobre las asimetr\u00edas regionales. El diputado nacional por Corrientes,\u00a0Di\u00f3genes Gonz\u00e1lez, present\u00f3 un proyecto de ley para establecer una\u00a0tarifa el\u00e9ctrica diferencial\u00a0que contemple las altas temperaturas caracter\u00edsticas del noreste argentino.<\/p>\n<p>Sin embargo, la iniciativa a\u00fan no logr\u00f3 avanzar en la C\u00e1mara de Diputados de la Naci\u00f3n. El proyecto no prosper\u00f3 porque &#8220;no se reunieron las comisiones del \u00e1rea&#8221;, explic\u00f3 el legislador a\u00a0Perfil, dejando a la provincia sin un marco de protecci\u00f3n especial frente al intenso uso de refrigeraci\u00f3n que demanda el clima local.<\/p>\n<h2><strong>Qui\u00e9nes mantienen el beneficio y qui\u00e9nes lo pierden<\/strong><\/h2>\n<p>Para conservar el subsidio sobre el bloque b\u00e1sico de consumo, el organismo provincial record\u00f3 que se eval\u00faa la situaci\u00f3n patrimonial y de ingresos de todo el grupo familiar. El techo de ingresos para no perder el beneficio se sit\u00faa hoy en torno a los\u00a0$3.700.000\u00a0(equivalente a tres canastas b\u00e1sicas).<\/p>\n<p>No obstante, existen condiciones que excluyen autom\u00e1ticamente a los usuarios del beneficio, independientemente de sus ingresos:<\/p>\n<ul>\n<li><strong>Patrimonio:<\/strong>\u00a0Poseer m\u00e1s de un inmueble, aeronaves o embarcaciones.<\/li>\n<li><strong>Veh\u00edculos:<\/strong>\u00a0Tener un auto con menos de un a\u00f1o de antig\u00fcedad (0 km).<\/li>\n<\/ul>\n<p>Por el contrario, el sistema prioriza la inclusi\u00f3n de familias que residan en barrios del\u00a0RENABAP\u00a0(Registro Nacional de Barrios Populares) o que cuenten con un integrante con certificado de discapacidad.<\/p>\n<h2><strong>Inscripci\u00f3n y actualizaci\u00f3n de datos<\/strong><\/h2>\n<p>Desde la\u00a0DPEC\u00a0informaron que quienes ya percib\u00edan el subsidio lo mantendr\u00e1n de forma autom\u00e1tica si cumplen los requisitos. Para nuevas altas o actualizaciones por cambios en la composici\u00f3n familiar, el tr\u00e1mite sigue vigente en la plataforma\u00a0&#8220;Subsidio Argentina&#8221;\u00a0o a trav\u00e9s de la aplicaci\u00f3n\u00a0Mi Argentina.<\/p>\n<p>Las autoridades recomendaron mantener la declaraci\u00f3n jurada al d\u00eda, ya que los criterios de exclusi\u00f3n se cruzan peri\u00f3dicamente con las bases de datos de propiedad y registros automotores.<\/p>\n","protected":false},"excerpt":{"rendered":"<p>Es por el nuevo Sistema de Subsidios Energ\u00e9ticos Focalizados (SEF). Todo consumo que supere ese l\u00edmite deber\u00e1 ser abonado a tarifa plena. &nbsp; Un fuerte impacto en las facturas de luz se avecina para los usuarios de la\u00a0Direcci\u00f3n Provincial de Energ\u00eda de Corrientes (DPEC). A partir del 1 de marzo de 2026, comenz\u00f3 a regir [&hellip;]<\/p>\n","protected":false},"author":2,"featured_media":8757,"comment_status":"open","ping_status":"open","sticky":false,"template":"","format":"standard","meta":{"footnotes":""},"categories":[72],"tags":[],"class_list":{"0":"post-8754","1":"post","2":"type-post","3":"status-publish","4":"format-standard","5":"has-post-thumbnail","7":"category-provinciales"},"_links":{"self":[{"href":"https:\/\/elpueblonoticia.com.ar\/web\/wp-json\/wp\/v2\/posts\/8754","targetHints":{"allow":["GET"]}}],"collection":[{"href":"https:\/\/elpueblonoticia.com.ar\/web\/wp-json\/wp\/v2\/posts"}],"about":[{"href":"https:\/\/elpueblonoticia.com.ar\/web\/wp-json\/wp\/v2\/types\/post"}],"author":[{"embeddable":true,"href":"https:\/\/elpueblonoticia.com.ar\/web\/wp-json\/wp\/v2\/users\/2"}],"replies":[{"embeddable":true,"href":"https:\/\/elpueblonoticia.com.ar\/web\/wp-json\/wp\/v2\/comments?post=8754"}],"version-history":[{"count":1,"href":"https:\/\/elpueblonoticia.com.ar\/web\/wp-json\/wp\/v2\/posts\/8754\/revisions"}],"predecessor-version":[{"id":8756,"href":"https:\/\/elpueblonoticia.com.ar\/web\/wp-json\/wp\/v2\/posts\/8754\/revisions\/8756"}],"wp:featuredmedia":[{"embeddable":true,"href":"https:\/\/elpueblonoticia.com.ar\/web\/wp-json\/wp\/v2\/media\/8757"}],"wp:attachment":[{"href":"https:\/\/elpueblonoticia.com.ar\/web\/wp-json\/wp\/v2\/media?parent=8754"}],"wp:term":[{"taxonomy":"category","embeddable":true,"href":"https:\/\/elpueblonoticia.com.ar\/web\/wp-json\/wp\/v2\/categories?post=8754"},{"taxonomy":"post_tag","embeddable":true,"href":"https:\/\/elpueblonoticia.com.ar\/web\/wp-json\/wp\/v2\/tags?post=8754"}],"curies":[{"name":"wp","href":"https:\/\/api.w.org\/{rel}","templated":true}]}}