{"id":8749,"date":"2026-04-08T14:48:41","date_gmt":"2026-04-08T17:48:41","guid":{"rendered":"https:\/\/elpueblonoticia.com.ar\/web\/?p=8749"},"modified":"2026-04-08T14:50:57","modified_gmt":"2026-04-08T17:50:57","slug":"misterio-en-corrientes-una-mujer-murio-de-forma-repentina-mientras-tomaba-mate","status":"publish","type":"post","link":"https:\/\/elpueblonoticia.com.ar\/web\/2026\/04\/08\/misterio-en-corrientes-una-mujer-murio-de-forma-repentina-mientras-tomaba-mate\/","title":{"rendered":"Misterio en Corrientes: Una mujer muri\u00f3 de forma repentina mientras tomaba mate"},"content":{"rendered":"<div>\n<div class=\"article__headline\">El hecho ocurri\u00f3 el domingo y conmocion\u00f3 a la localidad correntina. Seg\u00fan el relato de su pareja, la v\u00edctima se desvaneci\u00f3 inesperadamente.<\/div>\n<p>&nbsp;<\/p>\n<p>La localidad correntina de\u00a0Gobernador Virasoro\u00a0se encuentra conmocionada tras la muerte s\u00fabita de una mujer ocurrida el \u00faltimo domingo en circunstancias que a\u00fan intentan esclarecerse. El tr\u00e1gico episodio tuvo lugar mientras la v\u00edctima compart\u00eda una tarde de mate junto a su pareja, momento en el cual se desvaneci\u00f3 de manera fulminante.<\/p>\n<p>De acuerdo al relato brindado por el acompa\u00f1ante de la mujer a las autoridades, la situaci\u00f3n fue totalmente inesperada. La v\u00edctima perdi\u00f3 el conocimiento y falleci\u00f3 en el lugar antes de que pudiera recibir asistencia m\u00e9dica efectiva.<\/p>\n<p>Fuentes policiales consultadas por\u00a0Perfil\u00a0confirmaron el hecho y se\u00f1alaron que, si bien la principal hip\u00f3tesis apunta a una falla org\u00e1nica, se mantiene la cautela. &#8220;En principio ser\u00eda un\u00a0paro card\u00edaco\u00a0que sufri\u00f3 la mujer, pero est\u00e1n esperando el resultado de la autopsia para poder confirmar&#8221;, detallaron los investigadores.<\/p>\n<h2><strong>Investigaci\u00f3n y autopsia<\/strong><\/h2>\n<p>Ante la naturaleza repentina del deceso, la Justicia intervino de inmediato para descartar cualquier otra causal. El cuerpo de la mujer fue trasladado a la ciudad de Corrientes para que el Instituto M\u00e9dico Forense realice la autopsia correspondiente.<\/p>\n<p>Los resultados de los peritajes forenses ser\u00e1n determinantes para cerrar la causa, que preventivamente se maneja bajo las actuaciones legales de rigor en casos de muerte s\u00fabita. Por el momento, no se han reportado indicios de violencia en la escena, aunque el testimonio de la pareja y el historial cl\u00ednico de la fallecida forman parte del expediente.<\/p>\n<\/div>\n<div class=\"s2s_supra_contenedor lang_directon_right s2sdefault align_left s2s_balloon_bottom \">\n<div class=\"s2s_contenedor s2s_no_text s2s-btn-group\">\n<div class=\"s2s_twitter s2s_btn s2s-btn-xs \">\n<p>&nbsp;<\/p>\n<div class=\"globo s2s_globo_closed s2s_twitter_iframe\">\n<div class=\"s2s_flecha\"><\/div>\n<\/div>\n<\/div>\n<div class=\"s2s_facebook s2s_btn s2s-btn-xs \">\n<p>&nbsp;<\/p>\n<div class=\"globo s2s_globo_closed s2s_facebook_iframe\">\n<div class=\"s2s_flecha\"><\/div>\n<div id=\"fb-root\"><\/div>\n<\/div>\n<\/div>\n<div class=\"s2s_wapp s2s_btn s2s-btn-xs \">\n<p>&nbsp;<\/p>\n<div class=\"globo s2s_globo_closed s2s_wapp_iframe\">\n<div class=\"s2s_flecha\"><\/div>\n<p>&nbsp;<\/p>\n<\/div>\n<\/div>\n<\/div>\n<div class=\"s2s_credits_wrapper\"><\/div>\n<\/div>\n","protected":false},"excerpt":{"rendered":"<p>El hecho ocurri\u00f3 el domingo y conmocion\u00f3 a la localidad correntina. Seg\u00fan el relato de su pareja, la v\u00edctima se desvaneci\u00f3 inesperadamente. &nbsp; La localidad correntina de\u00a0Gobernador Virasoro\u00a0se encuentra conmocionada tras la muerte s\u00fabita de una mujer ocurrida el \u00faltimo domingo en circunstancias que a\u00fan intentan esclarecerse. El tr\u00e1gico episodio tuvo lugar mientras la v\u00edctima [&hellip;]<\/p>\n","protected":false},"author":2,"featured_media":8752,"comment_status":"open","ping_status":"open","sticky":false,"template":"","format":"standard","meta":{"footnotes":""},"categories":[68],"tags":[],"class_list":{"0":"post-8749","1":"post","2":"type-post","3":"status-publish","4":"format-standard","5":"has-post-thumbnail","7":"category-policiales-nacionales"},"_links":{"self":[{"href":"https:\/\/elpueblonoticia.com.ar\/web\/wp-json\/wp\/v2\/posts\/8749","targetHints":{"allow":["GET"]}}],"collection":[{"href":"https:\/\/elpueblonoticia.com.ar\/web\/wp-json\/wp\/v2\/posts"}],"about":[{"href":"https:\/\/elpueblonoticia.com.ar\/web\/wp-json\/wp\/v2\/types\/post"}],"author":[{"embeddable":true,"href":"https:\/\/elpueblonoticia.com.ar\/web\/wp-json\/wp\/v2\/users\/2"}],"replies":[{"embeddable":true,"href":"https:\/\/elpueblonoticia.com.ar\/web\/wp-json\/wp\/v2\/comments?post=8749"}],"version-history":[{"count":2,"href":"https:\/\/elpueblonoticia.com.ar\/web\/wp-json\/wp\/v2\/posts\/8749\/revisions"}],"predecessor-version":[{"id":8753,"href":"https:\/\/elpueblonoticia.com.ar\/web\/wp-json\/wp\/v2\/posts\/8749\/revisions\/8753"}],"wp:featuredmedia":[{"embeddable":true,"href":"https:\/\/elpueblonoticia.com.ar\/web\/wp-json\/wp\/v2\/media\/8752"}],"wp:attachment":[{"href":"https:\/\/elpueblonoticia.com.ar\/web\/wp-json\/wp\/v2\/media?parent=8749"}],"wp:term":[{"taxonomy":"category","embeddable":true,"href":"https:\/\/elpueblonoticia.com.ar\/web\/wp-json\/wp\/v2\/categories?post=8749"},{"taxonomy":"post_tag","embeddable":true,"href":"https:\/\/elpueblonoticia.com.ar\/web\/wp-json\/wp\/v2\/tags?post=8749"}],"curies":[{"name":"wp","href":"https:\/\/api.w.org\/{rel}","templated":true}]}}