{"id":8738,"date":"2026-04-07T14:47:55","date_gmt":"2026-04-07T17:47:55","guid":{"rendered":"https:\/\/elpueblonoticia.com.ar\/web\/?p=8738"},"modified":"2026-04-07T14:47:55","modified_gmt":"2026-04-07T17:47:55","slug":"comupe-recuerda-sobre-plazo-vigente-para-solicitar-acreditaciones-de-prensa","status":"publish","type":"post","link":"https:\/\/elpueblonoticia.com.ar\/web\/2026\/04\/07\/comupe-recuerda-sobre-plazo-vigente-para-solicitar-acreditaciones-de-prensa\/","title":{"rendered":"Comupe recuerda sobre plazo vigente para solicitar acreditaciones de prensa"},"content":{"rendered":"<p data-start=\"176\" data-end=\"437\">La\u00a0Comisi\u00f3n Municipal de Pesca,\u00a0a trav\u00e9s del \u00e1rea de Prensa, comunica a todos los medios interesados en cubrir el Mundial de Pesca, que el plazo vigente\u00a0para\u00a0realizar la solicitud de acreditaciones,\u00a0vencer\u00e1\u00a0el pr\u00f3ximo mi\u00e9rcoles 15 de abril sin excepci\u00f3n. Se solicita cumplimentar con todos los requisitos\u00a0previamente definidos para tal fin.<\/p>\n<p data-start=\"439\" data-end=\"757\">El pr\u00f3ximo mi\u00e9rcoles\u00a015 de abril, ser\u00e1 la fecha l\u00edmite para completar el proceso correspondiente a la solicitud de acreditaciones, por lo que se recuerda a periodistas, fot\u00f3grafos, camar\u00f3grafos y equipos de producci\u00f3n que este requisito es indispensable para poder acceder a las distintas actividades oficiales y realizar la cobertura del evento.<\/p>\n<p data-start=\"759\" data-end=\"1038\">Desde la organizaci\u00f3n se destaca la importancia de gestionar la acreditaci\u00f3n dentro de los tiempos establecidos, a fin de garantizar una correcta planificaci\u00f3n y brindar las condiciones necesarias para el trabajo de los medios durante uno de los eventos m\u00e1s importantes del pa\u00eds.<\/p>\n<p data-start=\"1040\" data-end=\"1175\">Para m\u00e1s informaci\u00f3n sobre requisitos y modalidad de inscripci\u00f3n, los interesados a\u00fan pueden solicitarlo a trav\u00e9s del siguiente enlace:\u00a0<a href=\"https:\/\/goyasurubi.com\/index\/index.php\/1518-apertura-de-acreditaciones-de-prensa-para-cubrir-la-49-fns\">https:\/\/goyasurubi.com\/index\/index.php\/1518-apertura-de-acreditaciones-de-prensa-para-cubrir-la-49-fns<\/a><\/p>\n<p data-start=\"1177\" data-end=\"1346\" data-is-last-node=\"\" data-is-only-node=\"\">Goya se prepara para vivir una nueva edici\u00f3n del Mundial de Pesca, y el acompa\u00f1amiento de los medios ser\u00e1 fundamental para llevar cada momento a todo el pa\u00eds y el mundo.<\/p>\n","protected":false},"excerpt":{"rendered":"<p>La\u00a0Comisi\u00f3n Municipal de Pesca,\u00a0a trav\u00e9s del \u00e1rea de Prensa, comunica a todos los medios interesados en cubrir el Mundial de Pesca, que el plazo vigente\u00a0para\u00a0realizar la solicitud de acreditaciones,\u00a0vencer\u00e1\u00a0el pr\u00f3ximo mi\u00e9rcoles 15 de abril sin excepci\u00f3n. Se solicita cumplimentar con todos los requisitos\u00a0previamente definidos para tal fin. El pr\u00f3ximo mi\u00e9rcoles\u00a015 de abril, ser\u00e1 la fecha [&hellip;]<\/p>\n","protected":false},"author":2,"featured_media":8739,"comment_status":"open","ping_status":"open","sticky":false,"template":"","format":"standard","meta":{"footnotes":""},"categories":[56],"tags":[],"class_list":{"0":"post-8738","1":"post","2":"type-post","3":"status-publish","4":"format-standard","5":"has-post-thumbnail","7":"category-locales"},"_links":{"self":[{"href":"https:\/\/elpueblonoticia.com.ar\/web\/wp-json\/wp\/v2\/posts\/8738","targetHints":{"allow":["GET"]}}],"collection":[{"href":"https:\/\/elpueblonoticia.com.ar\/web\/wp-json\/wp\/v2\/posts"}],"about":[{"href":"https:\/\/elpueblonoticia.com.ar\/web\/wp-json\/wp\/v2\/types\/post"}],"author":[{"embeddable":true,"href":"https:\/\/elpueblonoticia.com.ar\/web\/wp-json\/wp\/v2\/users\/2"}],"replies":[{"embeddable":true,"href":"https:\/\/elpueblonoticia.com.ar\/web\/wp-json\/wp\/v2\/comments?post=8738"}],"version-history":[{"count":1,"href":"https:\/\/elpueblonoticia.com.ar\/web\/wp-json\/wp\/v2\/posts\/8738\/revisions"}],"predecessor-version":[{"id":8740,"href":"https:\/\/elpueblonoticia.com.ar\/web\/wp-json\/wp\/v2\/posts\/8738\/revisions\/8740"}],"wp:featuredmedia":[{"embeddable":true,"href":"https:\/\/elpueblonoticia.com.ar\/web\/wp-json\/wp\/v2\/media\/8739"}],"wp:attachment":[{"href":"https:\/\/elpueblonoticia.com.ar\/web\/wp-json\/wp\/v2\/media?parent=8738"}],"wp:term":[{"taxonomy":"category","embeddable":true,"href":"https:\/\/elpueblonoticia.com.ar\/web\/wp-json\/wp\/v2\/categories?post=8738"},{"taxonomy":"post_tag","embeddable":true,"href":"https:\/\/elpueblonoticia.com.ar\/web\/wp-json\/wp\/v2\/tags?post=8738"}],"curies":[{"name":"wp","href":"https:\/\/api.w.org\/{rel}","templated":true}]}}