{"id":8735,"date":"2026-04-07T14:46:16","date_gmt":"2026-04-07T17:46:16","guid":{"rendered":"https:\/\/elpueblonoticia.com.ar\/web\/?p=8735"},"modified":"2026-04-07T14:46:16","modified_gmt":"2026-04-07T17:46:16","slug":"goya-amanecio-con-43-mm-de-lluvia-el-tiempo-mejorara-en-las-proximas-horas","status":"publish","type":"post","link":"https:\/\/elpueblonoticia.com.ar\/web\/2026\/04\/07\/goya-amanecio-con-43-mm-de-lluvia-el-tiempo-mejorara-en-las-proximas-horas\/","title":{"rendered":"Goya amaneci\u00f3 con 43 mm de lluvia: El tiempo mejorar\u00e1 en las pr\u00f3ximas horas"},"content":{"rendered":"<p>Las lluvias intensas sumaron 43 mil\u00edmetros hasta las 8 a.m. El pron\u00f3stico indica mejora con nubosidad y una m\u00e1xima de 20 grados para el resto del martes. Comenzamos a vivir a pleno la temporada oto\u00f1al.<\/p>\n","protected":false},"excerpt":{"rendered":"<p>Las lluvias intensas sumaron 43 mil\u00edmetros hasta las 8 a.m. El pron\u00f3stico indica mejora con nubosidad y una m\u00e1xima de 20 grados para el resto del martes. Comenzamos a vivir a pleno la temporada oto\u00f1al.<\/p>\n","protected":false},"author":2,"featured_media":8736,"comment_status":"open","ping_status":"open","sticky":false,"template":"","format":"standard","meta":{"footnotes":""},"categories":[56],"tags":[],"class_list":{"0":"post-8735","1":"post","2":"type-post","3":"status-publish","4":"format-standard","5":"has-post-thumbnail","7":"category-locales"},"_links":{"self":[{"href":"https:\/\/elpueblonoticia.com.ar\/web\/wp-json\/wp\/v2\/posts\/8735","targetHints":{"allow":["GET"]}}],"collection":[{"href":"https:\/\/elpueblonoticia.com.ar\/web\/wp-json\/wp\/v2\/posts"}],"about":[{"href":"https:\/\/elpueblonoticia.com.ar\/web\/wp-json\/wp\/v2\/types\/post"}],"author":[{"embeddable":true,"href":"https:\/\/elpueblonoticia.com.ar\/web\/wp-json\/wp\/v2\/users\/2"}],"replies":[{"embeddable":true,"href":"https:\/\/elpueblonoticia.com.ar\/web\/wp-json\/wp\/v2\/comments?post=8735"}],"version-history":[{"count":1,"href":"https:\/\/elpueblonoticia.com.ar\/web\/wp-json\/wp\/v2\/posts\/8735\/revisions"}],"predecessor-version":[{"id":8737,"href":"https:\/\/elpueblonoticia.com.ar\/web\/wp-json\/wp\/v2\/posts\/8735\/revisions\/8737"}],"wp:featuredmedia":[{"embeddable":true,"href":"https:\/\/elpueblonoticia.com.ar\/web\/wp-json\/wp\/v2\/media\/8736"}],"wp:attachment":[{"href":"https:\/\/elpueblonoticia.com.ar\/web\/wp-json\/wp\/v2\/media?parent=8735"}],"wp:term":[{"taxonomy":"category","embeddable":true,"href":"https:\/\/elpueblonoticia.com.ar\/web\/wp-json\/wp\/v2\/categories?post=8735"},{"taxonomy":"post_tag","embeddable":true,"href":"https:\/\/elpueblonoticia.com.ar\/web\/wp-json\/wp\/v2\/tags?post=8735"}],"curies":[{"name":"wp","href":"https:\/\/api.w.org\/{rel}","templated":true}]}}