{"id":8729,"date":"2026-04-07T14:43:00","date_gmt":"2026-04-07T17:43:00","guid":{"rendered":"https:\/\/elpueblonoticia.com.ar\/web\/?p=8729"},"modified":"2026-04-07T14:43:00","modified_gmt":"2026-04-07T17:43:00","slug":"ayuda-escolar-2026-cuales-son-los-requisitos-para-cobrar-el-refuerzo-y-quienes-pueden-acceder","status":"publish","type":"post","link":"https:\/\/elpueblonoticia.com.ar\/web\/2026\/04\/07\/ayuda-escolar-2026-cuales-son-los-requisitos-para-cobrar-el-refuerzo-y-quienes-pueden-acceder\/","title":{"rendered":"Ayuda Escolar 2026: Cu\u00e1les son los requisitos para cobrar el refuerzo y qui\u00e9nes pueden acceder"},"content":{"rendered":"<div class=\"article-body__subheadline\">El Gobierno aclar\u00f3 c\u00f3mo se calcula el monto complementario que puede alcanzar hasta los $85.000. C\u00f3mo hacer para cobrar el refuerzo escolar.<\/div>\n<p>&nbsp;<\/p>\n<p class=\"article-body__paragraph\">ElMinisterio de Capital Humano oficializ\u00f3 los detalles del refuerzo econ\u00f3mico destinado a beneficiarios de la Ayuda Escolar Anual 2026, una asistencia clave para acompa\u00f1ar el inicio del ciclo lectivo. A trav\u00e9s de\u00a0la Resoluci\u00f3n 78\/2026, publicada en el Bolet\u00edn Oficial, se confirm\u00f3 que este extra no consiste en un monto fijo para todos, sino en\u00a0un c\u00e1lculo proporcional que busca garantizar un piso m\u00ednimo de ingresos.<\/p>\n<p class=\"article-body__paragraph\">La medida establece que el Estado\u00a0cubrir\u00e1 la diferencia necesaria para que cada titular alcance los $85.000, tomando como base el monto que ya percibe por la asignaci\u00f3n escolar. Este\u00a0refuerzo\u00a0se pagar\u00e1 por \u00fanica vez y alcanzar\u00e1 a distintos grupos dentro del sistema de seguridad social.<\/p>\n<p class=\"article-body__paragraph\">De esta manera, el Gobierno busca\u00a0asegurar un ingreso m\u00ednimo uniforme para afrontar los gastos escolares\u00a0y garantizar todos los \u00fatiles necesarios para que los chicos puedan desarrollar su capacidad intelectual.<\/p>\n<h2 class=\"article-body__heading-h2\"><strong>\u00bfC\u00f3mo se calcula el refuerzo de la Ayuda Escolar 2026?<\/strong><\/h2>\n<p class=\"article-body__paragraph\">El refuerzo no es una suma fija igual para todos los beneficiarios. En cambio,\u00a0se determina de manera individual seg\u00fan el monto que cada persona ya recibe por la Ayuda Escolar Anual.<\/p>\n<p>El c\u00e1lculo es simple:se resta el valor de la asignaci\u00f3n escolar habitual del tope establecido de $85.000<strong>.\u00a0<\/strong>De esta forma, el Estado completa la diferencia necesaria para que todos los beneficiarios alcancen ese monto m\u00ednimo garantizado. Por ejemplo, si un titular cobra $40.000 por la asignaci\u00f3n, recibir\u00e1 un refuerzo de $45.000.<\/p>\n<h2 class=\"article-body__heading-h2\"><strong>\u00bfQui\u00e9nes pueden cobrar el refuerzo?<\/strong><\/h2>\n<p class=\"article-body__paragraph\">El beneficio alcanza a distintos grupos dentro del sistema de seguridad social<strong>.\u00a0<\/strong>Entre ellos se encuentran:<\/p>\n<div class=\"ads-block\"><\/div>\n<ul class=\"article-body__list-ul\">\n<li class=\"article-body__list-item\"><span class=\"article-body__list-span\">Trabajadores en relaci\u00f3n de dependencia<\/span><\/li>\n<li class=\"article-body__list-item\"><span class=\"article-body__list-span\">Monotributistas<\/span><\/li>\n<li class=\"article-body__list-item\"><span class=\"article-body__list-span\">Beneficiarios de la Ley de Riesgos del Trabajo<\/span><\/li>\n<li class=\"article-body__list-item\"><span class=\"article-body__list-span\">Personas que cobran el Seguro de Desempleo<\/span><\/li>\n<li class=\"article-body__list-item\"><span class=\"article-body__list-span\">Jubilados y pensionados del Sistema Integrado Previsional Argentino (SIPA)<\/span><\/li>\n<li class=\"article-body__list-item\"><span class=\"article-body__list-span\">Titulares de la Asignaci\u00f3n Universal por Hijo (AUH)<\/span><\/li>\n<li class=\"article-body__list-item\"><span class=\"article-body__list-span\">Titulares de la Asignaci\u00f3n por Embarazo<\/span><\/li>\n<\/ul>\n<p>Todos ellos podr\u00e1n acceder al refuerzo siempre que perciban la Ayuda Escolar Anual.<\/p>\n<h2 class=\"article-body__heading-h2\"><strong>\u00bfCu\u00e1ndo se paga el refuerzo?<\/strong><\/h2>\n<p class=\"article-body__paragraph\">El Ministerio de Capital Humano confirm\u00f3 que el pago del refuerzo se realizar\u00e1 una \u00fanica vez por beneficiario.\u00a0Se acreditar\u00e1 en el mismo mes en que se cobre la asignaci\u00f3n principal<strong>.\u00a0<\/strong>Adem\u00e1s, la medida tiene vigencia para el ciclo lectivo 2026, comenzando en marzo y extendi\u00e9ndose hasta el pr\u00f3ximo pago masivo de la prestaci\u00f3n.<\/p>\n","protected":false},"excerpt":{"rendered":"<p>El Gobierno aclar\u00f3 c\u00f3mo se calcula el monto complementario que puede alcanzar hasta los $85.000. C\u00f3mo hacer para cobrar el refuerzo escolar. &nbsp; ElMinisterio de Capital Humano oficializ\u00f3 los detalles del refuerzo econ\u00f3mico destinado a beneficiarios de la Ayuda Escolar Anual 2026, una asistencia clave para acompa\u00f1ar el inicio del ciclo lectivo. A trav\u00e9s de\u00a0la [&hellip;]<\/p>\n","protected":false},"author":2,"featured_media":8730,"comment_status":"open","ping_status":"open","sticky":false,"template":"","format":"standard","meta":{"footnotes":""},"categories":[64],"tags":[],"class_list":{"0":"post-8729","1":"post","2":"type-post","3":"status-publish","4":"format-standard","5":"has-post-thumbnail","7":"category-nacionales"},"_links":{"self":[{"href":"https:\/\/elpueblonoticia.com.ar\/web\/wp-json\/wp\/v2\/posts\/8729","targetHints":{"allow":["GET"]}}],"collection":[{"href":"https:\/\/elpueblonoticia.com.ar\/web\/wp-json\/wp\/v2\/posts"}],"about":[{"href":"https:\/\/elpueblonoticia.com.ar\/web\/wp-json\/wp\/v2\/types\/post"}],"author":[{"embeddable":true,"href":"https:\/\/elpueblonoticia.com.ar\/web\/wp-json\/wp\/v2\/users\/2"}],"replies":[{"embeddable":true,"href":"https:\/\/elpueblonoticia.com.ar\/web\/wp-json\/wp\/v2\/comments?post=8729"}],"version-history":[{"count":1,"href":"https:\/\/elpueblonoticia.com.ar\/web\/wp-json\/wp\/v2\/posts\/8729\/revisions"}],"predecessor-version":[{"id":8731,"href":"https:\/\/elpueblonoticia.com.ar\/web\/wp-json\/wp\/v2\/posts\/8729\/revisions\/8731"}],"wp:featuredmedia":[{"embeddable":true,"href":"https:\/\/elpueblonoticia.com.ar\/web\/wp-json\/wp\/v2\/media\/8730"}],"wp:attachment":[{"href":"https:\/\/elpueblonoticia.com.ar\/web\/wp-json\/wp\/v2\/media?parent=8729"}],"wp:term":[{"taxonomy":"category","embeddable":true,"href":"https:\/\/elpueblonoticia.com.ar\/web\/wp-json\/wp\/v2\/categories?post=8729"},{"taxonomy":"post_tag","embeddable":true,"href":"https:\/\/elpueblonoticia.com.ar\/web\/wp-json\/wp\/v2\/tags?post=8729"}],"curies":[{"name":"wp","href":"https:\/\/api.w.org\/{rel}","templated":true}]}}