{"id":8726,"date":"2026-04-07T14:38:17","date_gmt":"2026-04-07T17:38:17","guid":{"rendered":"https:\/\/elpueblonoticia.com.ar\/web\/?p=8726"},"modified":"2026-04-07T14:38:17","modified_gmt":"2026-04-07T17:38:17","slug":"arranca-el-sueno-boca-pone-primera-en-la-libertadores-ante-la-catolica-en-chile","status":"publish","type":"post","link":"https:\/\/elpueblonoticia.com.ar\/web\/2026\/04\/07\/arranca-el-sueno-boca-pone-primera-en-la-libertadores-ante-la-catolica-en-chile\/","title":{"rendered":"Arranca el sue\u00f1o: Boca pone primera en la Libertadores ante la Cat\u00f3lica en Chile"},"content":{"rendered":"<p>Esta noche, el Xeneize vuelve a disputar la fase de grupos de la competencia m\u00e1s importante de Am\u00e9rica y lo har\u00e1 algunos cambios respecto al equipo que gan\u00f3 por 1 a 0 frente a Talleres por el Torneo Apertura.<\/p>\n<p>Boca debutar\u00e1 este martes en condici\u00f3n de visitante frente a Universidad Cat\u00f3lica de Chile en una nueva edici\u00f3n de la Copa Libertadores, correspondiente a la primera fecha del Grupo D.<\/p>\n<article class=\"article-body article-body--first-paragraph\">\n<p data-mrf-recirculation=\"Article - Paragraph Links\">Este partido marcar\u00e1 el regreso del Xeneize a la competencia m\u00e1s importante de Am\u00e9rica luego de dos a\u00f1os ya que en el 2024 jug\u00f3 la Copa Sudamericana y en 2025 qued\u00f3 fuera en la segunda fase frente a Alianza Lima de Per\u00fa, en el que fue uno de los mayores papelones de su historia.<\/p>\n<\/article>\n<div class=\"free-banner-wrapper mx-auto text-center\">\n<div id=\"ad-slot-outstream\" class=\"ad-slot ad-slot-outstream\" data-path=\"\/22474715684\/c5n\/Outstream_adm\" data-lazyload=\"1\" data-adtype=\"outstream\" data-google-query-id=\"CNLF2vb325MDFUg_uQYdMAQPHw\">\n<div id=\"google_ads_iframe_\/22474715684\/c5n\/Outstream_adm_0__container__\">Pensando en los 11 inicial\u00a0que saldr\u00e1n a la cancha, Claudio\u00a0\u00dabeda hab\u00eda preservado a varios de sus jugadores\u00a0que suelen ser titulares en el triunfo por 1 a 0 ante Talleres de C\u00f3rdoba en La Bombonera, por lo que\u00a0llegar\u00e1n bastante descansados para este debut\u00a0del torneo que no gana desde el 2007.<\/div>\n<\/div>\n<\/div>\n<article class=\"article-body article-body--first-paragraph\">\n<article class=\"article-body article-body--first-paragraph\">\n<p data-mrf-recirculation=\"Article - Paragraph Links\">\n<p data-mrf-recirculation=\"Article - Paragraph Links\">De esta manera, pese a la rotaci\u00f3n en la 13\u00b0 fecha del Torneo Apertura, en la\u00a0\u00faltima l\u00ednea volver\u00e1\u00a0a apostar por Marcelo\u00a0Weigandt,\u00a0Lautaro\u00a0Di Lollo,\u00a0Ayrton\u00a0Costa,\u00a0Lautaro\u00a0Blanco,\u00a0todos los defensores que integran el once habitualmente.<\/p>\n<\/article>\n<article class=\"article-body article-body--first-paragraph\">\n<p data-mrf-recirculation=\"Article - Paragraph Links\">En la\u00a0mitad\u00a0de la cancha, Santiago\u00a0Ascac\u00edbar\u00a0acompa\u00f1ar\u00e1 al capit\u00e1n, Leandro\u00a0Paredes,\u00a0junto a Tom\u00e1s\u00a0Aranda\u00a0y Milton\u00a0Delgado.\u00a0En tanto en la delantera, el paraguayo Adam\u00a0Bareiro\u00a0se gan\u00f3 un lugar desde su llegada y ser\u00e1 el ladero de Miguel\u00a0Merentiel.<\/p>\n<p data-mrf-recirculation=\"Article - Paragraph Links\">Por su parte, el\u00a0conjunto chileno viene con la ilusi\u00f3n en alza luego de golear 6-1\u00a0en su \u00faltima presentaci\u00f3n en la Liga de Chile a Palestino, por la octava fecha del torneo en el que marcha tercero con 14 puntos.<\/p>\n<p data-mrf-recirculation=\"Article - Paragraph Links\">En cuanto al equipo que saldr\u00e1 a la cancha, el t\u00e9cnico argentino, Daniel\u00a0Garnero\u00a0podr\u00eda darse el\u00a0regreso\u00a0como titular de Gary\u00a0Medel<strong>,<\/strong>\u00a0un viejo conocido de Boca que supo vestir la camiseta xeneize y hoy es uno de los referentes de Los Cruzados.<\/p>\n<h2><strong>Universidad Cat\u00f3lica vs. Boca: a qu\u00e9 hora es y c\u00f3mo verlo en vivo<\/strong><\/h2>\n<ul>\n<li><strong>Hora:<\/strong>\u00a021:30<\/li>\n<li><strong>Televisi\u00f3n:<\/strong>\u00a0Telefe, Fox Sports y Disney+ Premium<\/li>\n<li><strong>Estadio:<\/strong>\u00a0San Carlos de Apoquindo<\/li>\n<li><strong>\u00c1rbitro:<\/strong>\u00a0Gustavo Tejera (Uru)<\/li>\n<li><strong>VAR:<\/strong>\u00a0Christian Ferreyra<\/li>\n<\/ul>\n<h2><strong>Universidad Cat\u00f3lica vs. Boca: probables formaciones<\/strong><\/h2>\n<ul>\n<li><strong>Universidad Cat\u00f3lica:\u00a0<\/strong>Vicente Bernedo; Daniel Gonz\u00e1lez, Agust\u00edn Far\u00edas o Gary Medel, Branco Ampuero, Eugenio Mena; Fernando Zuqui, Jhojan Valencia, Cristian Cuevas, Mat\u00edas Palavecino, Justo Giani; Fernando Zampedri. DT: Daniel Garnero.<\/li>\n<li><strong>Boca:<\/strong>\u00a0Leandro Brey; Marcelo Weigandt, Lautaro Di Lollo, Ayrton Costa, Lautaro Blanco; Santiago Ascac\u00edbar, Leandro Paredes, Milton Delgado; Tom\u00e1s Aranda; Miguel Merentiel y Adam Bareiro. DT: Claudio \u00dabeda.<\/li>\n<\/ul>\n<\/article>\n<\/article>\n","protected":false},"excerpt":{"rendered":"<p>Esta noche, el Xeneize vuelve a disputar la fase de grupos de la competencia m\u00e1s importante de Am\u00e9rica y lo har\u00e1 algunos cambios respecto al equipo que gan\u00f3 por 1 a 0 frente a Talleres por el Torneo Apertura. Boca debutar\u00e1 este martes en condici\u00f3n de visitante frente a Universidad Cat\u00f3lica de Chile en una [&hellip;]<\/p>\n","protected":false},"author":2,"featured_media":8727,"comment_status":"open","ping_status":"open","sticky":false,"template":"","format":"standard","meta":{"footnotes":""},"categories":[76],"tags":[],"class_list":{"0":"post-8726","1":"post","2":"type-post","3":"status-publish","4":"format-standard","5":"has-post-thumbnail","7":"category-deportes"},"_links":{"self":[{"href":"https:\/\/elpueblonoticia.com.ar\/web\/wp-json\/wp\/v2\/posts\/8726","targetHints":{"allow":["GET"]}}],"collection":[{"href":"https:\/\/elpueblonoticia.com.ar\/web\/wp-json\/wp\/v2\/posts"}],"about":[{"href":"https:\/\/elpueblonoticia.com.ar\/web\/wp-json\/wp\/v2\/types\/post"}],"author":[{"embeddable":true,"href":"https:\/\/elpueblonoticia.com.ar\/web\/wp-json\/wp\/v2\/users\/2"}],"replies":[{"embeddable":true,"href":"https:\/\/elpueblonoticia.com.ar\/web\/wp-json\/wp\/v2\/comments?post=8726"}],"version-history":[{"count":1,"href":"https:\/\/elpueblonoticia.com.ar\/web\/wp-json\/wp\/v2\/posts\/8726\/revisions"}],"predecessor-version":[{"id":8728,"href":"https:\/\/elpueblonoticia.com.ar\/web\/wp-json\/wp\/v2\/posts\/8726\/revisions\/8728"}],"wp:featuredmedia":[{"embeddable":true,"href":"https:\/\/elpueblonoticia.com.ar\/web\/wp-json\/wp\/v2\/media\/8727"}],"wp:attachment":[{"href":"https:\/\/elpueblonoticia.com.ar\/web\/wp-json\/wp\/v2\/media?parent=8726"}],"wp:term":[{"taxonomy":"category","embeddable":true,"href":"https:\/\/elpueblonoticia.com.ar\/web\/wp-json\/wp\/v2\/categories?post=8726"},{"taxonomy":"post_tag","embeddable":true,"href":"https:\/\/elpueblonoticia.com.ar\/web\/wp-json\/wp\/v2\/tags?post=8726"}],"curies":[{"name":"wp","href":"https:\/\/api.w.org\/{rel}","templated":true}]}}