{"id":8722,"date":"2026-04-07T14:33:51","date_gmt":"2026-04-07T17:33:51","guid":{"rendered":"https:\/\/elpueblonoticia.com.ar\/web\/?p=8722"},"modified":"2026-04-07T14:36:02","modified_gmt":"2026-04-07T17:36:02","slug":"pami-corrientes-exigen-que-cumpla-con-el-fallo-judicial-sobre-cobertura-100-en-remedios-a-los-afiliados","status":"publish","type":"post","link":"https:\/\/elpueblonoticia.com.ar\/web\/2026\/04\/07\/pami-corrientes-exigen-que-cumpla-con-el-fallo-judicial-sobre-cobertura-100-en-remedios-a-los-afiliados\/","title":{"rendered":"Pami Corrientes: Exigen que cumpla con el fallo judicial sobre cobertura 100% en remedios a los afiliados"},"content":{"rendered":"<p>Lo hizo la Asociaci\u00f3n de Trabajadores del Estado ATE Corrientes, a trav\u00e9s de una intimaci\u00f3n a la titular de la sede local del organismo nacional. La Justicia suspendi\u00f3 las resoluciones internas que limitaron el beneficio en 2024, al considerar que el acceso a los remedios es un derecho fundamental.<\/p>\n<p>\u201cExigimos el cumplimiento inmediato de la resoluci\u00f3n judicial de alcance nacional que protege el acceso efectivo a tratamientos esenciales para todos los jubilados y pensionados de PAMI en el pa\u00eds\u201d. Expres\u00f3 la central de trabajadores en un comunicado este martes 6 de abril.<\/p>\n<p>Es porque a pesar de la existencia de un dictamen judicial, PAMI sigue sin cumplir con la cobertura 100% en medicamentos a sus afiliados.<\/p>\n<p>\u201cNo permitiremos recortes en salud que pongan en riesgo la vida de nuestros adultos mayores\u201d, expres\u00f3 la delegaci\u00f3n local de la central de trabajadores. ATE Corrientes envi\u00f3 una nota formal a la titular de PAMI Corrientes, para que cumpla con lo dictaminado por la Justicia en todo el pa\u00eds.<\/p>\n<p>\u201cSi PAMI no cumple, se iniciar\u00e1n las acciones judiciales correspondientes\u201d, advierte la misiva enviada a la funcionaria.<\/p>\n<p>La Justicia suspendi\u00f3 las resoluciones internas que limitaron el beneficio en 2024, al considerar que el acceso a los remedios es un derecho fundamental. El INSSJP deber\u00e1 garantizar el programa en marzo de 2026.<\/p>\n","protected":false},"excerpt":{"rendered":"<p>Lo hizo la Asociaci\u00f3n de Trabajadores del Estado ATE Corrientes, a trav\u00e9s de una intimaci\u00f3n a la titular de la sede local del organismo nacional. La Justicia suspendi\u00f3 las resoluciones internas que limitaron el beneficio en 2024, al considerar que el acceso a los remedios es un derecho fundamental. \u201cExigimos el cumplimiento inmediato de la [&hellip;]<\/p>\n","protected":false},"author":2,"featured_media":8725,"comment_status":"open","ping_status":"open","sticky":false,"template":"","format":"standard","meta":{"footnotes":""},"categories":[72],"tags":[],"class_list":{"0":"post-8722","1":"post","2":"type-post","3":"status-publish","4":"format-standard","5":"has-post-thumbnail","7":"category-provinciales"},"_links":{"self":[{"href":"https:\/\/elpueblonoticia.com.ar\/web\/wp-json\/wp\/v2\/posts\/8722","targetHints":{"allow":["GET"]}}],"collection":[{"href":"https:\/\/elpueblonoticia.com.ar\/web\/wp-json\/wp\/v2\/posts"}],"about":[{"href":"https:\/\/elpueblonoticia.com.ar\/web\/wp-json\/wp\/v2\/types\/post"}],"author":[{"embeddable":true,"href":"https:\/\/elpueblonoticia.com.ar\/web\/wp-json\/wp\/v2\/users\/2"}],"replies":[{"embeddable":true,"href":"https:\/\/elpueblonoticia.com.ar\/web\/wp-json\/wp\/v2\/comments?post=8722"}],"version-history":[{"count":1,"href":"https:\/\/elpueblonoticia.com.ar\/web\/wp-json\/wp\/v2\/posts\/8722\/revisions"}],"predecessor-version":[{"id":8724,"href":"https:\/\/elpueblonoticia.com.ar\/web\/wp-json\/wp\/v2\/posts\/8722\/revisions\/8724"}],"wp:featuredmedia":[{"embeddable":true,"href":"https:\/\/elpueblonoticia.com.ar\/web\/wp-json\/wp\/v2\/media\/8725"}],"wp:attachment":[{"href":"https:\/\/elpueblonoticia.com.ar\/web\/wp-json\/wp\/v2\/media?parent=8722"}],"wp:term":[{"taxonomy":"category","embeddable":true,"href":"https:\/\/elpueblonoticia.com.ar\/web\/wp-json\/wp\/v2\/categories?post=8722"},{"taxonomy":"post_tag","embeddable":true,"href":"https:\/\/elpueblonoticia.com.ar\/web\/wp-json\/wp\/v2\/tags?post=8722"}],"curies":[{"name":"wp","href":"https:\/\/api.w.org\/{rel}","templated":true}]}}