{"id":8709,"date":"2026-04-07T14:23:28","date_gmt":"2026-04-07T17:23:28","guid":{"rendered":"https:\/\/elpueblonoticia.com.ar\/web\/?p=8709"},"modified":"2026-04-07T14:25:35","modified_gmt":"2026-04-07T17:25:35","slug":"los-papas-de-loan-le-enviaron-una-carta-a-javier-milei-con-un-pedido-especial","status":"publish","type":"post","link":"https:\/\/elpueblonoticia.com.ar\/web\/2026\/04\/07\/los-papas-de-loan-le-enviaron-una-carta-a-javier-milei-con-un-pedido-especial\/","title":{"rendered":"Los pap\u00e1s de Loan le enviaron una carta a Javier Milei con un pedido especial"},"content":{"rendered":"<p>A trav\u00e9s de una carta dirigida al Presidente, la familia del nene desaparecido en la provincia de Corrientes el pasado 13 de junio de 2024 volvi\u00f3 a reclamar medidas urgentes ante las demoras judiciales y la falta de respuestas en la causa.<\/p>\n<p>El documento expone el estado actual del expediente y la preocupaci\u00f3n de la familia frente al paso del tiempo sin definiciones concretas<strong>.<\/strong> \u201cCada d\u00eda aleja la verdad\u201d<strong>,<\/strong>\u00a0se\u00f1alaron en el texto.<\/p>\n<article class=\"article-body\">\n<div class=\"article-content\">\n<div class=\"news-body-paragraph\" data-twitter-link=\"\">\n<h2 data-section-id=\"2uxryv\" data-start=\"684\" data-end=\"729\"><strong>\u201cD\u00f3nde est\u00e1 Loan\u201d<\/strong><\/h2>\n<p data-start=\"731\" data-end=\"898\">En la carta,\u00a0Mar\u00eda Noguera y Jos\u00e9 Pe\u00f1a remarcaron que toda su expectativa est\u00e1 puesta en el avance de la causa y en la posibilidad de obtener respuestas. \u201cEs la \u00fanica instancia capaz de provocar el quiebre de los imputados y obtener la verdad que hoy se nos niega\u201d<strong>,\u00a0<\/strong>expresaron, al referirse al proceso judicial.<\/p>\n<\/div>\n<\/div>\n<\/article>\n<article class=\"article-body par-3\">\n<div class=\"article-content\">\n<div class=\"news-body-paragraph\" data-twitter-link=\"\">\n<div id=\"embed33_wrap\" class=\"embed_cont type_freetext\" contenteditable=\"contenteditable\">\n<div id=\"embed33_content\" class=\"embed_content\">\n<article class=\"article-body par-4\">\n<div class=\"article-content\">\n<div class=\"news-body-paragraph\" data-twitter-link=\"\">\n<p data-start=\"1059\" data-end=\"1284\">Adem\u00e1s, advirtieron que las demoras no solo afectan el desarrollo del expediente, sino tambi\u00e9n la posibilidad de esclarecer qu\u00e9 ocurri\u00f3 con el ni\u00f1o desaparecido el 13 de junio de 2024 en Corrientes.<\/p>\n<\/div>\n<\/div>\n<\/article>\n<article class=\"article-body par-5\">\n<div class=\"article-content\">\n<div class=\"news-body-paragraph\" data-twitter-link=\"\">\n<p data-start=\"1342\" data-end=\"1510\">Seg\u00fan detallaron en el escrito, la causa caratulada como sustracci\u00f3n de menores ya se encuentra en una etapa avanzada, pero enfrenta obst\u00e1culos que impiden su avance.<\/p>\n<p data-start=\"1512\" data-end=\"1670\">Entre ellos,\u00a0mencionaron vacancias y subrogancias dentro del sistema judicial que dificultan la conformaci\u00f3n del tribunal,\u00a0lo que mantiene frenado el proceso.<\/p>\n<p data-start=\"1672\" data-end=\"1777\">Para la familia, esta situaci\u00f3n genera una par\u00e1lisis que impacta directamente en la b\u00fasqueda de justicia.<\/p>\n<p data-start=\"1672\" data-end=\"1777\">Entre los puntos centrales del reclamo, pidieron:<\/p>\n<ul>\n<li>Cubrir vacantes judiciales de manera inmediata<\/li>\n<li>Remover obst\u00e1culos estructurales que frenan el juicio<\/li>\n<li>Garantizar la realizaci\u00f3n del proceso en un plazo m\u00e1ximo de 60 d\u00edas<\/li>\n<\/ul>\n<h2 data-section-id=\"1jebpqe\" data-start=\"1779\" data-end=\"1810\"><strong>El pedido al Poder Ejecutivo<\/strong><\/h2>\n<p data-start=\"1812\" data-end=\"1915\">En ese contexto, los padres apelaron a la intervenci\u00f3n del Poder Ejecutivo para destrabar la situaci\u00f3n. En la carta solicitaron medidas concretas como cubrir vacantes judiciales, remover trabas estructurales y garantizar que el proceso avance en un plazo acotado.<\/p>\n<p data-start=\"2078\" data-end=\"2227\">\u201cEl acceso a la justicia y el juzgamiento en un plazo razonable son derechos garantizados por la Constituci\u00f3n y tratados internacionales\u201d, se\u00f1alaron.<\/p>\n<p data-start=\"2266\" data-end=\"2374\">A m\u00e1s de nueve meses de la desaparici\u00f3n, el caso contin\u00faa abierto y sin certezas sobre el paradero del ni\u00f1o.<\/p>\n<p data-start=\"2376\" data-end=\"2507\">En ese marco, la familia insiste en la necesidad de que el Estado act\u00fae de manera coordinada y efectiva ante la gravedad del hecho. \u201cEn ese juicio est\u00e1 la \u00fanica posibilidad real de saber qu\u00e9 pas\u00f3 con nuestro hijo y d\u00f3nde est\u00e1\u201d, afirmaron<strong>.<\/strong><\/p>\n<\/div>\n<\/div>\n<\/article>\n<\/div>\n<\/div>\n<\/div>\n<\/div>\n<\/article>\n","protected":false},"excerpt":{"rendered":"<p>A trav\u00e9s de una carta dirigida al Presidente, la familia del nene desaparecido en la provincia de Corrientes el pasado 13 de junio de 2024 volvi\u00f3 a reclamar medidas urgentes ante las demoras judiciales y la falta de respuestas en la causa. El documento expone el estado actual del expediente y la preocupaci\u00f3n de la [&hellip;]<\/p>\n","protected":false},"author":2,"featured_media":8712,"comment_status":"open","ping_status":"open","sticky":false,"template":"","format":"standard","meta":{"footnotes":""},"categories":[68],"tags":[],"class_list":{"0":"post-8709","1":"post","2":"type-post","3":"status-publish","4":"format-standard","5":"has-post-thumbnail","7":"category-policiales-nacionales"},"_links":{"self":[{"href":"https:\/\/elpueblonoticia.com.ar\/web\/wp-json\/wp\/v2\/posts\/8709","targetHints":{"allow":["GET"]}}],"collection":[{"href":"https:\/\/elpueblonoticia.com.ar\/web\/wp-json\/wp\/v2\/posts"}],"about":[{"href":"https:\/\/elpueblonoticia.com.ar\/web\/wp-json\/wp\/v2\/types\/post"}],"author":[{"embeddable":true,"href":"https:\/\/elpueblonoticia.com.ar\/web\/wp-json\/wp\/v2\/users\/2"}],"replies":[{"embeddable":true,"href":"https:\/\/elpueblonoticia.com.ar\/web\/wp-json\/wp\/v2\/comments?post=8709"}],"version-history":[{"count":1,"href":"https:\/\/elpueblonoticia.com.ar\/web\/wp-json\/wp\/v2\/posts\/8709\/revisions"}],"predecessor-version":[{"id":8711,"href":"https:\/\/elpueblonoticia.com.ar\/web\/wp-json\/wp\/v2\/posts\/8709\/revisions\/8711"}],"wp:featuredmedia":[{"embeddable":true,"href":"https:\/\/elpueblonoticia.com.ar\/web\/wp-json\/wp\/v2\/media\/8712"}],"wp:attachment":[{"href":"https:\/\/elpueblonoticia.com.ar\/web\/wp-json\/wp\/v2\/media?parent=8709"}],"wp:term":[{"taxonomy":"category","embeddable":true,"href":"https:\/\/elpueblonoticia.com.ar\/web\/wp-json\/wp\/v2\/categories?post=8709"},{"taxonomy":"post_tag","embeddable":true,"href":"https:\/\/elpueblonoticia.com.ar\/web\/wp-json\/wp\/v2\/tags?post=8709"}],"curies":[{"name":"wp","href":"https:\/\/api.w.org\/{rel}","templated":true}]}}