{"id":8706,"date":"2026-04-07T14:21:04","date_gmt":"2026-04-07T17:21:04","guid":{"rendered":"https:\/\/elpueblonoticia.com.ar\/web\/?p=8706"},"modified":"2026-04-07T14:21:04","modified_gmt":"2026-04-07T17:21:04","slug":"el-intendente-mariano-hormaechea-visito-apipe","status":"publish","type":"post","link":"https:\/\/elpueblonoticia.com.ar\/web\/2026\/04\/07\/el-intendente-mariano-hormaechea-visito-apipe\/","title":{"rendered":"El intendente Mariano Hormaechea visit\u00f3 Apipe"},"content":{"rendered":"<p>En la ma\u00f1ana del lunes, el mandatario local junto a la coordinadora de Discapacidad visit\u00f3 la sede de APIPE, donde compartieron junto al personal que desempe\u00f1a sus funciones en esa instituci\u00f3n y los beneficiarios, un espacio de di\u00e1logo, atendiendo a la cuesti\u00f3n marcada por decisiones del Gobierno Nacional que plantea nuevos desaf\u00edos para su funcionamiento.<\/p>\n<p>En ese sentido, el intendente Mariano Hormaechea coment\u00f3 que durante la visita se pudo poner al tanto de la situaci\u00f3n e inconvenientes que atraviesa la Asociaci\u00f3n para la Integraci\u00f3n de Personas Especiales, por falta de recursos nacionales, y reafirm\u00f3 el compromiso de reforzar el acompa\u00f1amiento al vecino y a los sectores m\u00e1s vulnerables, entendiendo que \u201choy m\u00e1s que nunca muchos vecinos de la ciudad necesitan de la presencia del estado municipal\u201d.<\/p>\n<p>\u201cEste es el rumbo que entendemos de nuestra gesti\u00f3n, acompa\u00f1ar a los sectores de mayor vulnerabilidad, en este caso con el objetivo de la b\u00fasqueda de la inclusi\u00f3n social plena\u201d se\u00f1al\u00f3 Mariano Hormaechea.<\/p>\n<p>\u201cComo Municipio, seguimos cerca, acompa\u00f1ando y trabajando para sostener estos espacios fundamentales para nuestra comunidad\u201d, afirm\u00f3.<\/p>\n","protected":false},"excerpt":{"rendered":"<p>En la ma\u00f1ana del lunes, el mandatario local junto a la coordinadora de Discapacidad visit\u00f3 la sede de APIPE, donde compartieron junto al personal que desempe\u00f1a sus funciones en esa instituci\u00f3n y los beneficiarios, un espacio de di\u00e1logo, atendiendo a la cuesti\u00f3n marcada por decisiones del Gobierno Nacional que plantea nuevos desaf\u00edos para su funcionamiento. [&hellip;]<\/p>\n","protected":false},"author":2,"featured_media":8707,"comment_status":"open","ping_status":"open","sticky":false,"template":"","format":"standard","meta":{"footnotes":""},"categories":[56],"tags":[],"class_list":{"0":"post-8706","1":"post","2":"type-post","3":"status-publish","4":"format-standard","5":"has-post-thumbnail","7":"category-locales"},"_links":{"self":[{"href":"https:\/\/elpueblonoticia.com.ar\/web\/wp-json\/wp\/v2\/posts\/8706","targetHints":{"allow":["GET"]}}],"collection":[{"href":"https:\/\/elpueblonoticia.com.ar\/web\/wp-json\/wp\/v2\/posts"}],"about":[{"href":"https:\/\/elpueblonoticia.com.ar\/web\/wp-json\/wp\/v2\/types\/post"}],"author":[{"embeddable":true,"href":"https:\/\/elpueblonoticia.com.ar\/web\/wp-json\/wp\/v2\/users\/2"}],"replies":[{"embeddable":true,"href":"https:\/\/elpueblonoticia.com.ar\/web\/wp-json\/wp\/v2\/comments?post=8706"}],"version-history":[{"count":1,"href":"https:\/\/elpueblonoticia.com.ar\/web\/wp-json\/wp\/v2\/posts\/8706\/revisions"}],"predecessor-version":[{"id":8708,"href":"https:\/\/elpueblonoticia.com.ar\/web\/wp-json\/wp\/v2\/posts\/8706\/revisions\/8708"}],"wp:featuredmedia":[{"embeddable":true,"href":"https:\/\/elpueblonoticia.com.ar\/web\/wp-json\/wp\/v2\/media\/8707"}],"wp:attachment":[{"href":"https:\/\/elpueblonoticia.com.ar\/web\/wp-json\/wp\/v2\/media?parent=8706"}],"wp:term":[{"taxonomy":"category","embeddable":true,"href":"https:\/\/elpueblonoticia.com.ar\/web\/wp-json\/wp\/v2\/categories?post=8706"},{"taxonomy":"post_tag","embeddable":true,"href":"https:\/\/elpueblonoticia.com.ar\/web\/wp-json\/wp\/v2\/tags?post=8706"}],"curies":[{"name":"wp","href":"https:\/\/api.w.org\/{rel}","templated":true}]}}