{"id":8700,"date":"2026-04-07T14:18:06","date_gmt":"2026-04-07T17:18:06","guid":{"rendered":"https:\/\/elpueblonoticia.com.ar\/web\/?p=8700"},"modified":"2026-04-07T14:18:06","modified_gmt":"2026-04-07T17:18:06","slug":"juan-pablo-valdes-se-reunio-con-el-ministro-del-interior-diego-santilli-en-busca-de-mejoras-para-corrientes","status":"publish","type":"post","link":"https:\/\/elpueblonoticia.com.ar\/web\/2026\/04\/07\/juan-pablo-valdes-se-reunio-con-el-ministro-del-interior-diego-santilli-en-busca-de-mejoras-para-corrientes\/","title":{"rendered":"Juan Pablo Vald\u00e9s se reuni\u00f3 con el ministro del interior Diego Santilli en busca de mejoras para Corrientes"},"content":{"rendered":"<p>El mandatario provincial inform\u00f3 que en la oportunidad abordaron varios temas que conciernen a Corrientes en Casa Rosada. Asimismo, hablaron acerca de propuestas legislativas que necesitan tratamiento en el Congreso de la Naci\u00f3n, destacando que los resultados de este encuentro apuntan a mejorar la calidad de vida de los correntinos.<\/p>\n<p>As\u00ed fue que Juan Pablo Vald\u00e9s comunic\u00f3 desde sus redes sociales que \u201ccon el ministro del Interior Diego Santilli dialogamos sobre distintos proyectos y demandas de nuestra provincia, tambi\u00e9n respecto a gestiones y diversas iniciativas legislativas\u201d. Y en ese marco, el gobernador destac\u00f3 que \u201cel objetivo siempre ser\u00e1 mejorar las oportunidades y la calidad de vida de los correntinos\u201d.<\/p>\n","protected":false},"excerpt":{"rendered":"<p>El mandatario provincial inform\u00f3 que en la oportunidad abordaron varios temas que conciernen a Corrientes en Casa Rosada. Asimismo, hablaron acerca de propuestas legislativas que necesitan tratamiento en el Congreso de la Naci\u00f3n, destacando que los resultados de este encuentro apuntan a mejorar la calidad de vida de los correntinos. As\u00ed fue que Juan Pablo [&hellip;]<\/p>\n","protected":false},"author":2,"featured_media":8701,"comment_status":"open","ping_status":"open","sticky":false,"template":"","format":"standard","meta":{"footnotes":""},"categories":[72],"tags":[],"class_list":{"0":"post-8700","1":"post","2":"type-post","3":"status-publish","4":"format-standard","5":"has-post-thumbnail","7":"category-provinciales"},"_links":{"self":[{"href":"https:\/\/elpueblonoticia.com.ar\/web\/wp-json\/wp\/v2\/posts\/8700","targetHints":{"allow":["GET"]}}],"collection":[{"href":"https:\/\/elpueblonoticia.com.ar\/web\/wp-json\/wp\/v2\/posts"}],"about":[{"href":"https:\/\/elpueblonoticia.com.ar\/web\/wp-json\/wp\/v2\/types\/post"}],"author":[{"embeddable":true,"href":"https:\/\/elpueblonoticia.com.ar\/web\/wp-json\/wp\/v2\/users\/2"}],"replies":[{"embeddable":true,"href":"https:\/\/elpueblonoticia.com.ar\/web\/wp-json\/wp\/v2\/comments?post=8700"}],"version-history":[{"count":1,"href":"https:\/\/elpueblonoticia.com.ar\/web\/wp-json\/wp\/v2\/posts\/8700\/revisions"}],"predecessor-version":[{"id":8702,"href":"https:\/\/elpueblonoticia.com.ar\/web\/wp-json\/wp\/v2\/posts\/8700\/revisions\/8702"}],"wp:featuredmedia":[{"embeddable":true,"href":"https:\/\/elpueblonoticia.com.ar\/web\/wp-json\/wp\/v2\/media\/8701"}],"wp:attachment":[{"href":"https:\/\/elpueblonoticia.com.ar\/web\/wp-json\/wp\/v2\/media?parent=8700"}],"wp:term":[{"taxonomy":"category","embeddable":true,"href":"https:\/\/elpueblonoticia.com.ar\/web\/wp-json\/wp\/v2\/categories?post=8700"},{"taxonomy":"post_tag","embeddable":true,"href":"https:\/\/elpueblonoticia.com.ar\/web\/wp-json\/wp\/v2\/tags?post=8700"}],"curies":[{"name":"wp","href":"https:\/\/api.w.org\/{rel}","templated":true}]}}