{"id":8697,"date":"2026-04-07T14:15:59","date_gmt":"2026-04-07T17:15:59","guid":{"rendered":"https:\/\/elpueblonoticia.com.ar\/web\/?p=8697"},"modified":"2026-04-07T14:15:59","modified_gmt":"2026-04-07T17:15:59","slug":"remeras-a-14-la-subfacturacion-de-importaciones-textiles-alcanza-niveles-record","status":"publish","type":"post","link":"https:\/\/elpueblonoticia.com.ar\/web\/2026\/04\/07\/remeras-a-14-la-subfacturacion-de-importaciones-textiles-alcanza-niveles-record\/","title":{"rendered":"Remeras a $14: La subfacturaci\u00f3n de importaciones textiles alcanza niveles r\u00e9cord"},"content":{"rendered":"<p>La eliminaci\u00f3n de los controles aduaneros permite el ingreso de mercader\u00eda a precios irrisorios. La maniobra afecta la recaudaci\u00f3n fiscal y profundiza la crisis del sector manufacturero.<\/p>\n<p>Un informe privado basado en datos oficiales revel\u00f3 que\u00a0el 50% de las importaciones de la cadena de valor textil se realiz\u00f3 bajo subfacturaci\u00f3n. El desv\u00edo alcanza al\u00a076% si se mide por el peso\u00a0de la mercader\u00eda. Esta anomal\u00eda surgi\u00f3 tras la\u00a0eliminaci\u00f3n por parte del gobierno de Javier Milei\u00a0de los valores criterio que establecen un\u00a0umbral m\u00ednimo de precios en la Aduana.<\/p>\n<p>La veracidad de estas cifras genera fuertes dudas entre los especialistas de la repartici\u00f3n estatal.\u00a0&#8220;Puede haber m\u00e1rgenes de facturaci\u00f3n discutibles, pero decir que importaste una remera a $14 no es ni siquiera veros\u00edmil&#8221;, consign\u00f3 un trabajador aduanero a\u00a0<em>\u00c1mbito<\/em>\u00a0sobre la falta de l\u00f3gica en los precios declarados.<\/p>\n<article class=\"article-body article-body--first-paragraph\">\n<p data-mrf-recirculation=\"Article - Paragraph Links\">La maniobra permite que las empresas\u00a0eludan el pago de percepciones de IVA, Ganancias y derechos de importaci\u00f3n. Como consecuencia, la recaudaci\u00f3n por aranceles externos y tasa estad\u00edstica sufri\u00f3 un desplome interanual del 17,3% en marzo, la segunda mayor ca\u00edda del mes.<\/p>\n<\/article>\n<article class=\"article-body article-body--first-paragraph\">\n<h2><strong>El contrabando masivo de tecnolog\u00eda agrava la crisis industrial<\/strong><\/h2>\n<p data-mrf-recirculation=\"Article - Paragraph Links\">El ingreso ilegal de celulares tambi\u00e9n registra niveles cr\u00edticos con un\u00a0promedio de 55.000 unidades semanales.\u00a0Durante 2025, m\u00e1s de 3 millones de dispositivos entraron al pa\u00eds de forma il\u00edcita.Seg\u00fan la c\u00e1mara Afarte, uno de cada tres tel\u00e9fonos que se activa en Argentina no posee fabricaci\u00f3n local ni importaci\u00f3n l\u00edcita.<\/p>\n<p data-mrf-recirculation=\"Article - Paragraph Links\">Esta competencia desleal profundiza la crisis de la manufactura nacional, cuya actividad retrocedi\u00f3 un 3% interanual en febrero. El sector industrial acumula\u00a0ocho meses consecutivos de ca\u00edda\u00a0y advierte sobre el da\u00f1o de la falta de competitividad sist\u00e9mica frente a la apertura comercial.<\/p>\n<p data-mrf-recirculation=\"Article - Paragraph Links\">Los empresarios manifestaron su preocupaci\u00f3n ante la falta de respuestas por parte del Ministerio de Econom\u00eda. &#8220;Lo hemos planteado, pero lo cierto es que en Econom\u00eda no le prestan demasiada atenci\u00f3n a estas cuestiones&#8221;, advirti\u00f3 un industrial sobre el desinter\u00e9s oficial por equilibrar las condiciones de mercado.<\/p>\n<\/article>\n","protected":false},"excerpt":{"rendered":"<p>La eliminaci\u00f3n de los controles aduaneros permite el ingreso de mercader\u00eda a precios irrisorios. La maniobra afecta la recaudaci\u00f3n fiscal y profundiza la crisis del sector manufacturero. Un informe privado basado en datos oficiales revel\u00f3 que\u00a0el 50% de las importaciones de la cadena de valor textil se realiz\u00f3 bajo subfacturaci\u00f3n. El desv\u00edo alcanza al\u00a076% si [&hellip;]<\/p>\n","protected":false},"author":2,"featured_media":8698,"comment_status":"open","ping_status":"open","sticky":false,"template":"","format":"standard","meta":{"footnotes":""},"categories":[65],"tags":[],"class_list":{"0":"post-8697","1":"post","2":"type-post","3":"status-publish","4":"format-standard","5":"has-post-thumbnail","7":"category-economia"},"_links":{"self":[{"href":"https:\/\/elpueblonoticia.com.ar\/web\/wp-json\/wp\/v2\/posts\/8697","targetHints":{"allow":["GET"]}}],"collection":[{"href":"https:\/\/elpueblonoticia.com.ar\/web\/wp-json\/wp\/v2\/posts"}],"about":[{"href":"https:\/\/elpueblonoticia.com.ar\/web\/wp-json\/wp\/v2\/types\/post"}],"author":[{"embeddable":true,"href":"https:\/\/elpueblonoticia.com.ar\/web\/wp-json\/wp\/v2\/users\/2"}],"replies":[{"embeddable":true,"href":"https:\/\/elpueblonoticia.com.ar\/web\/wp-json\/wp\/v2\/comments?post=8697"}],"version-history":[{"count":1,"href":"https:\/\/elpueblonoticia.com.ar\/web\/wp-json\/wp\/v2\/posts\/8697\/revisions"}],"predecessor-version":[{"id":8699,"href":"https:\/\/elpueblonoticia.com.ar\/web\/wp-json\/wp\/v2\/posts\/8697\/revisions\/8699"}],"wp:featuredmedia":[{"embeddable":true,"href":"https:\/\/elpueblonoticia.com.ar\/web\/wp-json\/wp\/v2\/media\/8698"}],"wp:attachment":[{"href":"https:\/\/elpueblonoticia.com.ar\/web\/wp-json\/wp\/v2\/media?parent=8697"}],"wp:term":[{"taxonomy":"category","embeddable":true,"href":"https:\/\/elpueblonoticia.com.ar\/web\/wp-json\/wp\/v2\/categories?post=8697"},{"taxonomy":"post_tag","embeddable":true,"href":"https:\/\/elpueblonoticia.com.ar\/web\/wp-json\/wp\/v2\/tags?post=8697"}],"curies":[{"name":"wp","href":"https:\/\/api.w.org\/{rel}","templated":true}]}}